{"id":35271,"date":"2025-05-01T10:32:35","date_gmt":"2025-05-01T09:32:35","guid":{"rendered":"https:\/\/letempsmag.ma\/?p=35271"},"modified":"2025-05-01T10:32:35","modified_gmt":"2025-05-01T09:32:35","slug":"decathlon-maroc-fete-ses-15-ans-et-modernise-son-flagship-dain-sebaa","status":"publish","type":"post","link":"https:\/\/letempsmag.ma\/?p=35271","title":{"rendered":"D\u00e9cathlon Maroc f\u00eate ses 15 ans et modernise son flagship d\u2019A\u00efn Seba\u00e2"},"content":{"rendered":"\n<p>\u00c0 l&#8217;occasion de son 15<sup>\u00e8me<\/sup> anniversaire au Maroc, D\u00e9cathlon annonce la r\u00e9novation compl\u00e8te de son premier magasin historique \u00e0 A\u00efn Seba\u00e2, \u00e0 Casablanca. Le projet symbolise un moment-cl\u00e9 dans l\u2019histoire de l\u2019enseigne au Maroc : la mise en \u0153uvre de la nouvelle charte graphique du groupe, ainsi qu\u2019une refonte totale de l&#8217;exp\u00e9rience client. Ce magasin devient aujourd&#8217;hui un mod\u00e8le de modernit\u00e9 et d\u2019innovation, mettant en valeur les valeurs humaines et environnementales qui sont au c\u0153ur de la mission de D\u00e9cathlon.<\/p>\n\n\n\n<p><strong><em>Un magasin embl\u00e9matique<\/em><\/strong><\/p>\n\n\n\n<p>Ouvert en 2009, le magasin D\u00e9cathlon d\u2019A\u00efn Seba\u00e2 incarne une vision nouvelle o\u00f9 l&#8217;humain est au centre de l\u2019exp\u00e9rience. Gr\u00e2ce \u00e0 une \u00e9quipe de plus de 80 collaborateurs passionn\u00e9s, ce lieu n\u2019est pas simplement un magasin, mais un v\u00e9ritable terrain de jeu o\u00f9 les visiteurs peuvent tester les produits, s\u2019inspirer et profiter de conseils personnalis\u00e9s. Am\u00e9nag\u00e9 sur une superficie de 3.000 m2, le magasin a vu le nombre de r\u00e9f\u00e9rences produit s\u2019\u00e9largir pour couvrir un large \u00e9ventail de sports, avec 4.200 r\u00e9f\u00e9rences disponibles. Ce renouvellement met en avant l\u2019engagement de D\u00e9cathlon \u00e0 rendre le sport accessible et inspirant pour tous.<\/p>\n\n\n\n<p><strong><em>Des espaces d\u00e9di\u00e9s \u00e0 la convivialit\u00e9<\/em><\/strong><\/p>\n\n\n\n<p>Dans le cadre de cette modernisation, le magasin a vu l\u2019extension de son offre de services pour enrichir l\u2019exp\u00e9rience des clients. Le nombre de places de parking a doubl\u00e9, facilitant ainsi l\u2019acc\u00e8s au magasin. Quatre terrains de football ont \u00e9t\u00e9 am\u00e9nag\u00e9s, offrant aux amateurs de sport un lieu de pratique id\u00e9al. De plus, des espaces verts avec des tables de pique-nique ont \u00e9t\u00e9 install\u00e9s, permettant aux visiteurs de se d\u00e9tendre dans un cadre agr\u00e9able et convivial. Pour enrichir l\u2019exp\u00e9rience client, le magasin d\u2019A\u00efn Seba\u00e2 accueille d\u00e9sormais de nouveaux partenaires, avec notamment l\u2019ouverture de \u00abFitness Park\u00bb, un espace d\u00e9di\u00e9 \u00e0 la remise en forme et au bien-\u00eatre. Cette collaboration s&#8217;inscrit dans la volont\u00e9 de Decathlon de proposer une exp\u00e9rience sportive globale \u00e0 ses clients.<\/p>\n\n\n\n<p><strong><em>Un engagement environnemental au c\u0153ur du projet<\/em><\/strong><\/p>\n\n\n\n<p>La durabilit\u00e9 est \u00e9galement au centre de cette modernisation. D\u00e9cathlon A\u00efn Seba\u00e2 met en avant des initiatives \u00e9cologiques concr\u00e8tes, comme l\u2019atelier de r\u00e9paration de produits, permettant de prolonger la dur\u00e9e de vie des \u00e9quipements et de r\u00e9duire l\u2019empreinte carbone. Le magasin devient ainsi un lieu o\u00f9 les produits sont con\u00e7us pour durer et o\u00f9 chaque visiteur peut participer \u00e0 la pr\u00e9servation de l&#8217;environnement tout en pratiquant son sport favori.<\/p>\n\n\n\n<p><strong><em>Une \u00e9quipe d\u00e9di\u00e9e et une vision partag\u00e9e<\/em><\/strong><\/p>\n\n\n\n<p>Cette transformation a \u00e9t\u00e9 rendue possible gr\u00e2ce \u00e0 une \u00e9quipe d\u00e9termin\u00e9e et un engagement sans faille. Depuis la conception du projet en janvier, l&#8217;\u00e9quipe de D\u00e9cathlon A\u00efn Seba\u00e2 a travaill\u00e9 d\u2019arrache-pied pour mener \u00e0 bien cette r\u00e9novation ambitieuse. Walid, le Directeur du magasin, insiste sur l\u2019importance de la collaboration et de l\u2019esprit d\u2019\u00e9quipe qui ont permis de concr\u00e9tiser cette vision. \u00abVoir nos collaborateurs \u00e9voluer, grandir et devenir des leaders au sein de ce projet est une immense source de fiert\u00e9\u00bb, d\u00e9clare-t-il.<\/p>\n\n\n\n<p><strong><em>Une aventure humaine et sportive<\/em><\/strong><\/p>\n\n\n\n<p>Depuis 15 ans, D\u00e9cathlon Maroc \u0153uvre \u00e0 r\u00e9pondre aux besoins des sportifs en alliant performance, accessibilit\u00e9 et innovation. Avec 18 magasins \u00e0 travers le pays et une plateforme E-commerce active, l\u2019enseigne s\u2019est impos\u00e9e comme un acteur incontournable du march\u00e9 du sport. En 2024, plus de 3 millions de visiteurs ont franchi les portes de l\u2019enseigne au Maroc. Les projets de d\u00e9veloppement continuent avec de nouvelles ouvertures pr\u00e9vues, afin de rendre le sport encore plus accessible \u00e0 toutes et \u00e0 tous&nbsp;!<\/p>\n","protected":false},"excerpt":{"rendered":"<p>\u00c0 l&#8217;occasion de son 15\u00e8me anniversaire au Maroc, D\u00e9cathlon annonce la r\u00e9novation compl\u00e8te de son premier magasin historique \u00e0 A\u00efn Seba\u00e2, \u00e0 Casablanca. Le projet symbolise un moment-cl\u00e9 dans l\u2019histoire de l\u2019enseigne au Maroc : la mise en \u0153uvre de la nouvelle charte graphique du groupe, ainsi qu\u2019une refonte totale de l&#8217;exp\u00e9rience client. Ce magasin &hellip;<\/p>\n","protected":false},"author":9,"featured_media":35267,"comment_status":"open","ping_status":"closed","sticky":false,"template":"","format":"standard","meta":{"footnotes":""},"categories":[46],"tags":[],"class_list":["post-35271","post","type-post","status-publish","format-standard","has-post-thumbnail","hentry","category-sport"],"_links":{"self":[{"href":"https:\/\/letempsmag.ma\/index.php?rest_route=\/wp\/v2\/posts\/35271","targetHints":{"allow":["GET"]}}],"collection":[{"href":"https:\/\/letempsmag.ma\/index.php?rest_route=\/wp\/v2\/posts"}],"about":[{"href":"https:\/\/letempsmag.ma\/index.php?rest_route=\/wp\/v2\/types\/post"}],"author":[{"embeddable":true,"href":"https:\/\/letempsmag.ma\/index.php?rest_route=\/wp\/v2\/users\/9"}],"replies":[{"embeddable":true,"href":"https:\/\/letempsmag.ma\/index.php?rest_route=%2Fwp%2Fv2%2Fcomments&post=35271"}],"version-history":[{"count":1,"href":"https:\/\/letempsmag.ma\/index.php?rest_route=\/wp\/v2\/posts\/35271\/revisions"}],"predecessor-version":[{"id":35272,"href":"https:\/\/letempsmag.ma\/index.php?rest_route=\/wp\/v2\/posts\/35271\/revisions\/35272"}],"wp:featuredmedia":[{"embeddable":true,"href":"https:\/\/letempsmag.ma\/index.php?rest_route=\/wp\/v2\/media\/35267"}],"wp:attachment":[{"href":"https:\/\/letempsmag.ma\/index.php?rest_route=%2Fwp%2Fv2%2Fmedia&parent=35271"}],"wp:term":[{"taxonomy":"category","embeddable":true,"href":"https:\/\/letempsmag.ma\/index.php?rest_route=%2Fwp%2Fv2%2Fcategories&post=35271"},{"taxonomy":"post_tag","embeddable":true,"href":"https:\/\/letempsmag.ma\/index.php?rest_route=%2Fwp%2Fv2%2Ftags&post=35271"}],"curies":[{"name":"wp","href":"https:\/\/api.w.org\/{rel}","templated":true}]}}