{"id":3526,"date":"2021-05-31T09:34:12","date_gmt":"2021-05-31T09:34:12","guid":{"rendered":"https:\/\/letempsmag.ma\/?p=3526"},"modified":"2021-05-31T09:40:00","modified_gmt":"2021-05-31T09:40:00","slug":"imkan-associe-spacecoop-et-sogea-a-son-projet-le-carrousel-a-rabat","status":"publish","type":"post","link":"https:\/\/letempsmag.ma\/?p=3526","title":{"rendered":"IMKAN associe SpaceCoop et Sogea \u00e0 son projet \u00abLe Carrousel\u00bb \u00e0 Rabat"},"content":{"rendered":"\n<p>IMKAN, cr\u00e9ateur d\u2019espaces urbains au Maroc et filiale \u00e0 100% d&#8217;Abu Dhabi Capital Group, vient de confier la conception paysag\u00e8re de la promenade maritime et des parcs du projet \u00abLe Carrousel\u00bb, dans la capitale \u00e9conomique du Royaume, \u00e0 deux experts du domaine. Il s\u2019agit de Sogea, d\u00e9j\u00e0 en charge de la construction de la partie r\u00e9sidentielle du projet, et SpaceCoop, un cabinet international sp\u00e9cialis\u00e9 dans l&#8217;am\u00e9nagement paysager et l&#8217;ing\u00e9nierie environnementale.<\/p>\n\n\n\n<p>Le savoir-faire des deux op\u00e9rateurs donnera naissance \u00e0 un poumon vert constitu\u00e9 d\u2019une promenade maritime et de deux parcs invitant \u00e0 la promenade avec des plantations adapt\u00e9es \u00e0 l\u2019air marin. Un voyage sensoriel de nuit comme de jour avec des promenades et des jardins int\u00e9gr\u00e9s \u00e0 leur environnement. La promenade maritime s\u2019\u00e9tendra sur 500 m\u00e8tres lin\u00e9aires avec une ouverture au nord et au sud sur les deux parcs, totalisant une surface verte de 9.000 m\u00e8tres carr\u00e9s environ.<\/p>\n\n\n\n<p>\u00abLe Carrousel\u00bb b\u00e9n\u00e9ficie d\u2019un emplacement exceptionnel au c\u0153ur d\u2019une zone c\u00f4ti\u00e8re de 11 km, \u00e0 seulement 15 minutes du centre-ville de Rabat et de l\u2019autoroute. Le projet a \u00e9t\u00e9 pens\u00e9 comme un espace de vie, de loisirs et de divertissement, r\u00e9pondant aux attentes des r\u00e9sidents et des visiteurs en qu\u00eate de confort, de calme et de bien-\u00eatre.<\/p>\n\n\n\n<p>Rappelons qu\u2019IMKAN a livr\u00e9 en 2019 son h\u00f4tel-boutique \u00abStory\u00bb (ex-\u00abVilla Dyafa\u00bb) \u00e0 Rabat. Pour \u00abLe Carrousel\u00bb, les travaux avancent bien conform\u00e9ment au calendrier du chantier, la livraison de la composante r\u00e9sidentielle \u00e9tant pr\u00e9vue au cours de 2022.<\/p>\n\n\n\n<p><strong>L. F.<\/strong><strong><\/strong><\/p>\n","protected":false},"excerpt":{"rendered":"<p>IMKAN, cr\u00e9ateur d\u2019espaces urbains au Maroc et filiale \u00e0 100% d&#8217;Abu Dhabi Capital Group, vient de confier la conception paysag\u00e8re de la promenade maritime et des parcs du projet \u00abLe Carrousel\u00bb, dans la capitale \u00e9conomique du Royaume, \u00e0 deux experts du domaine. Il s\u2019agit de Sogea, d\u00e9j\u00e0 en charge de la construction de la partie &hellip;<\/p>\n","protected":false},"author":9,"featured_media":3546,"comment_status":"open","ping_status":"closed","sticky":false,"template":"","format":"standard","meta":{"footnotes":""},"categories":[213],"tags":[],"class_list":["post-3526","post","type-post","status-publish","format-standard","has-post-thumbnail","hentry","category-amenagement-2"],"_links":{"self":[{"href":"https:\/\/letempsmag.ma\/index.php?rest_route=\/wp\/v2\/posts\/3526","targetHints":{"allow":["GET"]}}],"collection":[{"href":"https:\/\/letempsmag.ma\/index.php?rest_route=\/wp\/v2\/posts"}],"about":[{"href":"https:\/\/letempsmag.ma\/index.php?rest_route=\/wp\/v2\/types\/post"}],"author":[{"embeddable":true,"href":"https:\/\/letempsmag.ma\/index.php?rest_route=\/wp\/v2\/users\/9"}],"replies":[{"embeddable":true,"href":"https:\/\/letempsmag.ma\/index.php?rest_route=%2Fwp%2Fv2%2Fcomments&post=3526"}],"version-history":[{"count":1,"href":"https:\/\/letempsmag.ma\/index.php?rest_route=\/wp\/v2\/posts\/3526\/revisions"}],"predecessor-version":[{"id":3527,"href":"https:\/\/letempsmag.ma\/index.php?rest_route=\/wp\/v2\/posts\/3526\/revisions\/3527"}],"wp:featuredmedia":[{"embeddable":true,"href":"https:\/\/letempsmag.ma\/index.php?rest_route=\/wp\/v2\/media\/3546"}],"wp:attachment":[{"href":"https:\/\/letempsmag.ma\/index.php?rest_route=%2Fwp%2Fv2%2Fmedia&parent=3526"}],"wp:term":[{"taxonomy":"category","embeddable":true,"href":"https:\/\/letempsmag.ma\/index.php?rest_route=%2Fwp%2Fv2%2Fcategories&post=3526"},{"taxonomy":"post_tag","embeddable":true,"href":"https:\/\/letempsmag.ma\/index.php?rest_route=%2Fwp%2Fv2%2Ftags&post=3526"}],"curies":[{"name":"wp","href":"https:\/\/api.w.org\/{rel}","templated":true}]}}