{"id":35245,"date":"2025-04-30T10:33:56","date_gmt":"2025-04-30T09:33:56","guid":{"rendered":"https:\/\/letempsmag.ma\/?p=35245"},"modified":"2025-04-30T10:33:56","modified_gmt":"2025-04-30T09:33:56","slug":"dongfeng-maroc-etend-son-reseau-national-a-marrakech-et-agadir","status":"publish","type":"post","link":"https:\/\/letempsmag.ma\/?p=35245","title":{"rendered":"Dongfeng Maroc \u00e9tend son r\u00e9seau national \u00e0 Marrakech et Agadir"},"content":{"rendered":"\n<p>Dans le cadre de sa strat\u00e9gie de d\u00e9veloppement&nbsp;dans le Royaume, Dongfeng&nbsp;Maroc&nbsp;poursuit l\u2019extension de son r\u00e9seau national \u00e0 travers l\u2019ouverture de deux nouveaux showrooms \u00e0 Marrakech et Agadir. Ces implantations viennent renforcer la pr\u00e9sence de la marque dans le Royaume, apr\u00e8s l\u2019inauguration r\u00e9ussie de points de vente \u00e0 Casablanca en 2022, marquant une nouvelle \u00e9tape dans le d\u00e9ploiement progressif de son r\u00e9seau propre et de concessionnaires&nbsp;et revendeurs.&nbsp;Gr\u00e2ce \u00e0 cette dynamique,&nbsp;le distributeur&nbsp;assure une couverture nationale avec l\u2019ambition d\u2019\u00eatre sur 29 points de vente d\u2019ici&nbsp;\u00e0&nbsp;2026, permettant d\u2019assurer une plus grande proximit\u00e9 avec ses clients.<\/p>\n\n\n\n<p>\u00c0 travers cette expansion, la marque affirme ses valeurs fond\u00e9es sur la fiabilit\u00e9, la durabilit\u00e9 et la performance de ses v\u00e9hicules, tout en offrant une exp\u00e9rience client centr\u00e9e sur la r\u00e9activit\u00e9 et la qualit\u00e9 de service.&nbsp;\u00abCette expansion traduit notre volont\u00e9 de b\u00e2tir une relation de proximit\u00e9 avec nos clients sur l\u2019ensemble du territoire. Marrakech et Agadir repr\u00e9sentent des \u00e9tapes strat\u00e9giques dans notre feuille de route, et nous sommes fiers d\u2019y proposer une offre pens\u00e9e pour les besoins locaux en mati\u00e8re de mobilit\u00e9 utilitaire\u00bb, d\u00e9clare Abdelhak Khadraoui, Directeur G\u00e9n\u00e9ral de DongfengMaroc.<\/p>\n\n\n\n<p>Les nouveaux showrooms&nbsp;sont&nbsp;situ\u00e9s \u00e0 Marrakech (zone industrielle de&nbsp;Sidi Ghanem)&nbsp;et \u00e0 Agadir (extension Tikiouine)&nbsp;et&nbsp;exposent une large gamme de v\u00e9hicules adapt\u00e9e aux&nbsp;besoins des professionnels&nbsp;:&nbsp;s\u00e9rie&nbsp;\u00abCaptain\u00bb&nbsp;(3400, 3500, 3500L&nbsp;et&nbsp;7500), fourgons&nbsp;\u00abU-Van\u00bb, v\u00e9hicules de transport scolaire et&nbsp;de&nbsp;personnel, ainsi que des ambulances. Chaque mod\u00e8le se distingue par sa robustesse, sa polyvalence et sa conformit\u00e9 aux exigences locales en mati\u00e8re de s\u00e9curit\u00e9 et de fonctionnalit\u00e9.<\/p>\n\n\n\n<p>Les showrooms Dongfeng Maroc&nbsp;sont port\u00e9s&nbsp;par un service apr\u00e8s-vente int\u00e9gr\u00e9, incluant un accompagnement technique de proximit\u00e9, des pi\u00e8ces de rechange d\u2019origine et une assistance rapide, gages d\u2019un engagement fort&nbsp;pour&nbsp;la satisfaction&nbsp;du&nbsp;client.<\/p>\n","protected":false},"excerpt":{"rendered":"<p>Dans le cadre de sa strat\u00e9gie de d\u00e9veloppement&nbsp;dans le Royaume, Dongfeng&nbsp;Maroc&nbsp;poursuit l\u2019extension de son r\u00e9seau national \u00e0 travers l\u2019ouverture de deux nouveaux showrooms \u00e0 Marrakech et Agadir. Ces implantations viennent renforcer la pr\u00e9sence de la marque dans le Royaume, apr\u00e8s l\u2019inauguration r\u00e9ussie de points de vente \u00e0 Casablanca en 2022, marquant une nouvelle \u00e9tape dans &hellip;<\/p>\n","protected":false},"author":9,"featured_media":35241,"comment_status":"open","ping_status":"closed","sticky":false,"template":"","format":"standard","meta":{"footnotes":""},"categories":[121],"tags":[],"class_list":["post-35245","post","type-post","status-publish","format-standard","has-post-thumbnail","hentry","category-automobile"],"_links":{"self":[{"href":"https:\/\/letempsmag.ma\/index.php?rest_route=\/wp\/v2\/posts\/35245","targetHints":{"allow":["GET"]}}],"collection":[{"href":"https:\/\/letempsmag.ma\/index.php?rest_route=\/wp\/v2\/posts"}],"about":[{"href":"https:\/\/letempsmag.ma\/index.php?rest_route=\/wp\/v2\/types\/post"}],"author":[{"embeddable":true,"href":"https:\/\/letempsmag.ma\/index.php?rest_route=\/wp\/v2\/users\/9"}],"replies":[{"embeddable":true,"href":"https:\/\/letempsmag.ma\/index.php?rest_route=%2Fwp%2Fv2%2Fcomments&post=35245"}],"version-history":[{"count":1,"href":"https:\/\/letempsmag.ma\/index.php?rest_route=\/wp\/v2\/posts\/35245\/revisions"}],"predecessor-version":[{"id":35246,"href":"https:\/\/letempsmag.ma\/index.php?rest_route=\/wp\/v2\/posts\/35245\/revisions\/35246"}],"wp:featuredmedia":[{"embeddable":true,"href":"https:\/\/letempsmag.ma\/index.php?rest_route=\/wp\/v2\/media\/35241"}],"wp:attachment":[{"href":"https:\/\/letempsmag.ma\/index.php?rest_route=%2Fwp%2Fv2%2Fmedia&parent=35245"}],"wp:term":[{"taxonomy":"category","embeddable":true,"href":"https:\/\/letempsmag.ma\/index.php?rest_route=%2Fwp%2Fv2%2Fcategories&post=35245"},{"taxonomy":"post_tag","embeddable":true,"href":"https:\/\/letempsmag.ma\/index.php?rest_route=%2Fwp%2Fv2%2Ftags&post=35245"}],"curies":[{"name":"wp","href":"https:\/\/api.w.org\/{rel}","templated":true}]}}