{"id":35231,"date":"2025-04-29T10:34:04","date_gmt":"2025-04-29T09:34:04","guid":{"rendered":"https:\/\/letempsmag.ma\/?p=35231"},"modified":"2025-04-29T10:34:04","modified_gmt":"2025-04-29T09:34:04","slug":"londa-retablit-le-bon-fonctionnement-du-systeme-denregistrement-des-aeroports-du-royaume","status":"publish","type":"post","link":"https:\/\/letempsmag.ma\/?p=35231","title":{"rendered":"L\u2019ONDA r\u00e9tablit le bon fonctionnement du syst\u00e8me d\u2019enregistrement des a\u00e9roports du Royaume"},"content":{"rendered":"\n<p>\u00abLes proc\u00e9dures d&#8217;enregistrement et d&#8217;embarquement se d\u00e9roulent d\u00e9sormais normalement dans tous les a\u00e9roports du pays\u00bb. C\u2019est ce qu\u2019annonce aujourd\u2019hui l&#8217;Office National Des A\u00e9roports (ONDA) dans un communiqu\u00e9. Une importante perturbation a en effet \u00e9t\u00e9 signal\u00e9e hier, suite \u00e0 la panne massive d&#8217;\u00e9lectricit\u00e9 survenue le week-end dans les pays Ib\u00e9riques, affectant la connexion de certains op\u00e9rateurs de t\u00e9l\u00e9phonie.<\/p>\n\n\n\n<p>Dans un souci de communication rapide et claire, l&#8217;ONDA a inform\u00e9 les passagers en partance des a\u00e9roports du Maroc que le syst\u00e8me d&#8217;enregistrement et d&#8217;\u00e9dition des cartes d&#8217;embarquement a connu, au cours des derni\u00e8res heures, des perturbations. Celles-ci ont affect\u00e9 les liens internationaux utilis\u00e9s par certains op\u00e9rateurs de t\u00e9l\u00e9phonie, notamment leurs connexions via des serveurs situ\u00e9s en Espagne.<\/p>\n","protected":false},"excerpt":{"rendered":"<p>\u00abLes proc\u00e9dures d&#8217;enregistrement et d&#8217;embarquement se d\u00e9roulent d\u00e9sormais normalement dans tous les a\u00e9roports du pays\u00bb. C\u2019est ce qu\u2019annonce aujourd\u2019hui l&#8217;Office National Des A\u00e9roports (ONDA) dans un communiqu\u00e9. Une importante perturbation a en effet \u00e9t\u00e9 signal\u00e9e hier, suite \u00e0 la panne massive d&#8217;\u00e9lectricit\u00e9 survenue le week-end dans les pays Ib\u00e9riques, affectant la connexion de certains op\u00e9rateurs &hellip;<\/p>\n","protected":false},"author":9,"featured_media":35215,"comment_status":"open","ping_status":"closed","sticky":false,"template":"","format":"standard","meta":{"footnotes":""},"categories":[53],"tags":[],"class_list":["post-35231","post","type-post","status-publish","format-standard","has-post-thumbnail","hentry","category-aerien"],"_links":{"self":[{"href":"https:\/\/letempsmag.ma\/index.php?rest_route=\/wp\/v2\/posts\/35231","targetHints":{"allow":["GET"]}}],"collection":[{"href":"https:\/\/letempsmag.ma\/index.php?rest_route=\/wp\/v2\/posts"}],"about":[{"href":"https:\/\/letempsmag.ma\/index.php?rest_route=\/wp\/v2\/types\/post"}],"author":[{"embeddable":true,"href":"https:\/\/letempsmag.ma\/index.php?rest_route=\/wp\/v2\/users\/9"}],"replies":[{"embeddable":true,"href":"https:\/\/letempsmag.ma\/index.php?rest_route=%2Fwp%2Fv2%2Fcomments&post=35231"}],"version-history":[{"count":1,"href":"https:\/\/letempsmag.ma\/index.php?rest_route=\/wp\/v2\/posts\/35231\/revisions"}],"predecessor-version":[{"id":35232,"href":"https:\/\/letempsmag.ma\/index.php?rest_route=\/wp\/v2\/posts\/35231\/revisions\/35232"}],"wp:featuredmedia":[{"embeddable":true,"href":"https:\/\/letempsmag.ma\/index.php?rest_route=\/wp\/v2\/media\/35215"}],"wp:attachment":[{"href":"https:\/\/letempsmag.ma\/index.php?rest_route=%2Fwp%2Fv2%2Fmedia&parent=35231"}],"wp:term":[{"taxonomy":"category","embeddable":true,"href":"https:\/\/letempsmag.ma\/index.php?rest_route=%2Fwp%2Fv2%2Fcategories&post=35231"},{"taxonomy":"post_tag","embeddable":true,"href":"https:\/\/letempsmag.ma\/index.php?rest_route=%2Fwp%2Fv2%2Ftags&post=35231"}],"curies":[{"name":"wp","href":"https:\/\/api.w.org\/{rel}","templated":true}]}}