{"id":35203,"date":"2025-04-28T11:44:21","date_gmt":"2025-04-28T10:44:21","guid":{"rendered":"https:\/\/letempsmag.ma\/?p=35203"},"modified":"2025-04-28T11:48:28","modified_gmt":"2025-04-28T10:48:28","slug":"abdelilah-benkirane-reelu-au-poste-de-secretaire-general-du-pjd","status":"publish","type":"post","link":"https:\/\/letempsmag.ma\/?p=35203","title":{"rendered":"Abdelilah Benkirane r\u00e9\u00e9lu au poste de Secr\u00e9taire G\u00e9n\u00e9ral du PJD"},"content":{"rendered":"\n<p>Abdelilah Benkirane rempile pour un nouveau mandat de Secr\u00e9taire G\u00e9n\u00e9ral du Parti \u00e0 la Lampe. Il a \u00e9t\u00e9 r\u00e9\u00e9lu au cours du 9\u00e8me Congr\u00e8s national du PJD, organis\u00e9, dimanche dernier \u00e0 Bouznika.<\/p>\n\n\n\n<p>Le patron du PJD a b\u00e9n\u00e9fici\u00e9 de la confiance de 994 votants sur 1.402, soit un pourcentage de 69% des voix exprim\u00e9es. Quant \u00e0 ses rivaux, Idriss Azami Idrissi a glan\u00e9 394 voix, alors qu\u2019Abdellah Bouanou, chef du groupe parlementaire du parti, n\u2019a r\u00e9ussi \u00e0 convaincre que 42 congressistes.<\/p>\n\n\n\n<p>Le PJD avait essuy\u00e9 en 2021 une lourde d\u00e9faite aux \u00e9lections, apr\u00e8s avoir dirig\u00e9 le gouvernement pendant deux mandats. Abdelilah Benkirane devrait, par la suite, faire approuver par le Conseil national du parti la liste des membres du nouveau Secr\u00e9tariat G\u00e9n\u00e9ral.<\/p>\n","protected":false},"excerpt":{"rendered":"<p>Abdelilah Benkirane rempile pour un nouveau mandat de Secr\u00e9taire G\u00e9n\u00e9ral du Parti \u00e0 la Lampe. Il a \u00e9t\u00e9 r\u00e9\u00e9lu au cours du 9\u00e8me Congr\u00e8s national du PJD, organis\u00e9, dimanche dernier \u00e0 Bouznika. Le patron du PJD a b\u00e9n\u00e9fici\u00e9 de la confiance de 994 votants sur 1.402, soit un pourcentage de 69% des voix exprim\u00e9es. Quant &hellip;<\/p>\n","protected":false},"author":9,"featured_media":35197,"comment_status":"open","ping_status":"closed","sticky":false,"template":"","format":"standard","meta":{"footnotes":""},"categories":[890],"tags":[],"class_list":["post-35203","post","type-post","status-publish","format-standard","has-post-thumbnail","hentry","category-partis"],"_links":{"self":[{"href":"https:\/\/letempsmag.ma\/index.php?rest_route=\/wp\/v2\/posts\/35203","targetHints":{"allow":["GET"]}}],"collection":[{"href":"https:\/\/letempsmag.ma\/index.php?rest_route=\/wp\/v2\/posts"}],"about":[{"href":"https:\/\/letempsmag.ma\/index.php?rest_route=\/wp\/v2\/types\/post"}],"author":[{"embeddable":true,"href":"https:\/\/letempsmag.ma\/index.php?rest_route=\/wp\/v2\/users\/9"}],"replies":[{"embeddable":true,"href":"https:\/\/letempsmag.ma\/index.php?rest_route=%2Fwp%2Fv2%2Fcomments&post=35203"}],"version-history":[{"count":1,"href":"https:\/\/letempsmag.ma\/index.php?rest_route=\/wp\/v2\/posts\/35203\/revisions"}],"predecessor-version":[{"id":35204,"href":"https:\/\/letempsmag.ma\/index.php?rest_route=\/wp\/v2\/posts\/35203\/revisions\/35204"}],"wp:featuredmedia":[{"embeddable":true,"href":"https:\/\/letempsmag.ma\/index.php?rest_route=\/wp\/v2\/media\/35197"}],"wp:attachment":[{"href":"https:\/\/letempsmag.ma\/index.php?rest_route=%2Fwp%2Fv2%2Fmedia&parent=35203"}],"wp:term":[{"taxonomy":"category","embeddable":true,"href":"https:\/\/letempsmag.ma\/index.php?rest_route=%2Fwp%2Fv2%2Fcategories&post=35203"},{"taxonomy":"post_tag","embeddable":true,"href":"https:\/\/letempsmag.ma\/index.php?rest_route=%2Fwp%2Fv2%2Ftags&post=35203"}],"curies":[{"name":"wp","href":"https:\/\/api.w.org\/{rel}","templated":true}]}}