{"id":35114,"date":"2025-04-24T09:15:54","date_gmt":"2025-04-24T08:15:54","guid":{"rendered":"https:\/\/letempsmag.ma\/?p=35114"},"modified":"2025-04-24T09:15:54","modified_gmt":"2025-04-24T08:15:54","slug":"la-fondation-nationale-des-musees-et-la-region-ile-de-france-signent-une-declaration-dintention","status":"publish","type":"post","link":"https:\/\/letempsmag.ma\/?p=35114","title":{"rendered":"La Fondation Nationale des Mus\u00e9es et la R\u00e9gion \u00cele-de-France signent une d\u00e9claration d\u2019intention"},"content":{"rendered":"\n<p>Le Mus\u00e9e Mohammed VI d\u2019Art Moderne et Contemporain de Rabat a abrit\u00e9, lundi dernier, la c\u00e9r\u00e9monie de signature d\u2019une d\u00e9claration d\u2019intention pour un partenariat entre la Fondation Nationale des Mus\u00e9es (FNM) et la R\u00e9gion \u00cele-de-France. Sign\u00e9e par le Pr\u00e9sident de la FNM, Mehdi Qotbi, et la Pr\u00e9sidente de la R\u00e9gion \u00cele-de-France, Val\u00e9rie P\u00e9cresse, cette d\u00e9claration d\u2019intention porte notamment sur l\u2019organisation d\u2019une grande exposition m\u00e9diterran\u00e9enne inaugurale, pr\u00e9vue dans le cadre de l\u2019ouverture de la Cit\u00e9 de la Culture Africaine Mus\u00e9e du Continent.<\/p>\n\n\n\n<p>Dans le prolongement de cette exposition, les deux parties s\u2019engagent \u00e0 nouer et \u00e0 d\u00e9velopper leur coop\u00e9ration pour promouvoir des actions concr\u00e8tes autour du partage d\u2019expertise en mati\u00e8re de conservation et d\u2019acquisition d\u2019\u0153uvres contemporaines africaines, de mise en place de dispositifs de m\u00e9diation adapt\u00e9s aux publics du futur mus\u00e9e et de pr\u00eat d\u2019\u0153uvres issues des collections du Fonds R\u00e9gional d\u2019Art Contemporain (FRAC) \u00cele-de-France.<\/p>\n\n\n\n<p>Mehdi Qotbi a qualifi\u00e9 l\u2019art et la culture de \u00abMeilleurs ponts et passerelles\u00bb pour mieux se comprendre, mettant en exergue le r\u00f4le pr\u00e9pond\u00e9rant du Maroc en tant que \u00abporte d\u2019entr\u00e9e\u00bb vers l\u2019Afrique et \u00abporte de sortie\u00bb des Africains vers l\u2019Europe.<\/p>\n\n\n\n<p>Pour sa part, Val\u00e9rie P\u00e9cresse a d\u00e9clar\u00e9&nbsp;: \u00abNous avons \u00e9t\u00e9 tr\u00e8s honor\u00e9s parce que Mehdi Qotbi a choisi, pour l\u2019exposition inaugurale du Mus\u00e9e du Continent, la Directrice de la collection du FRAC \u00cele-de-France pour pr\u00e9s\u00e9lectionner les \u0153uvres et pour \u00eatre l\u2019un des Commissaires de l\u2019exposition inaugurale\u00bb. Elle a ajout\u00e9 que toute l\u2019expertise du FRAC \u00cele-de-France sera mise \u00e0 la disposition de la FNM pour rep\u00e9rer les talents africains, les valoriser, les expertiser, les promouvoir et les faire rayonner.<\/p>\n\n\n\n<p>Cette signature a \u00e9t\u00e9 pr\u00e9c\u00e9d\u00e9e par une visite du Mus\u00e9e Mohammed VI d\u2019Art Moderne et Contemporain o\u00f9 Val\u00e9rie P\u00e9cresse, accompagn\u00e9e d\u2019une d\u00e9l\u00e9gation du Conseil de la R\u00e9gion \u00cele-de-France, a eu l\u2019occasion de d\u00e9couvrir les \u0153uvres de l\u2019\u00e9crivain, po\u00e8te et peintre franco-marocain Tahar Ben Jelloun, ainsi que celles d\u2019artistes marocains contemporains. (Photo&nbsp;: Le360).<\/p>\n","protected":false},"excerpt":{"rendered":"<p>Le Mus\u00e9e Mohammed VI d\u2019Art Moderne et Contemporain de Rabat a abrit\u00e9, lundi dernier, la c\u00e9r\u00e9monie de signature d\u2019une d\u00e9claration d\u2019intention pour un partenariat entre la Fondation Nationale des Mus\u00e9es (FNM) et la R\u00e9gion \u00cele-de-France. Sign\u00e9e par le Pr\u00e9sident de la FNM, Mehdi Qotbi, et la Pr\u00e9sidente de la R\u00e9gion \u00cele-de-France, Val\u00e9rie P\u00e9cresse, cette d\u00e9claration &hellip;<\/p>\n","protected":false},"author":9,"featured_media":35102,"comment_status":"open","ping_status":"closed","sticky":false,"template":"","format":"standard","meta":{"footnotes":""},"categories":[51],"tags":[],"class_list":["post-35114","post","type-post","status-publish","format-standard","has-post-thumbnail","hentry","category-culture"],"_links":{"self":[{"href":"https:\/\/letempsmag.ma\/index.php?rest_route=\/wp\/v2\/posts\/35114","targetHints":{"allow":["GET"]}}],"collection":[{"href":"https:\/\/letempsmag.ma\/index.php?rest_route=\/wp\/v2\/posts"}],"about":[{"href":"https:\/\/letempsmag.ma\/index.php?rest_route=\/wp\/v2\/types\/post"}],"author":[{"embeddable":true,"href":"https:\/\/letempsmag.ma\/index.php?rest_route=\/wp\/v2\/users\/9"}],"replies":[{"embeddable":true,"href":"https:\/\/letempsmag.ma\/index.php?rest_route=%2Fwp%2Fv2%2Fcomments&post=35114"}],"version-history":[{"count":1,"href":"https:\/\/letempsmag.ma\/index.php?rest_route=\/wp\/v2\/posts\/35114\/revisions"}],"predecessor-version":[{"id":35115,"href":"https:\/\/letempsmag.ma\/index.php?rest_route=\/wp\/v2\/posts\/35114\/revisions\/35115"}],"wp:featuredmedia":[{"embeddable":true,"href":"https:\/\/letempsmag.ma\/index.php?rest_route=\/wp\/v2\/media\/35102"}],"wp:attachment":[{"href":"https:\/\/letempsmag.ma\/index.php?rest_route=%2Fwp%2Fv2%2Fmedia&parent=35114"}],"wp:term":[{"taxonomy":"category","embeddable":true,"href":"https:\/\/letempsmag.ma\/index.php?rest_route=%2Fwp%2Fv2%2Fcategories&post=35114"},{"taxonomy":"post_tag","embeddable":true,"href":"https:\/\/letempsmag.ma\/index.php?rest_route=%2Fwp%2Fv2%2Ftags&post=35114"}],"curies":[{"name":"wp","href":"https:\/\/api.w.org\/{rel}","templated":true}]}}