{"id":35104,"date":"2025-04-24T09:12:00","date_gmt":"2025-04-24T08:12:00","guid":{"rendered":"https:\/\/letempsmag.ma\/?p=35104"},"modified":"2025-04-24T09:12:00","modified_gmt":"2025-04-24T08:12:00","slug":"essaouira-accueille-la-region-italienne-les-marches-pour-la-dolce-vita-a-mogador","status":"publish","type":"post","link":"https:\/\/letempsmag.ma\/?p=35104","title":{"rendered":"Essaouira accueille la r\u00e9gion italienne Les Marches pour \u00abLa Dolce Vita \u00e0 Mogador\u00bb"},"content":{"rendered":"\n<p>La r\u00e9gion italienne des Marches est \u00e0 l\u2019honneur \u00e0 Essaouira, du 23 au 26 avril courant, \u00e0 l\u2019occasion de la troisi\u00e8me \u00e9dition des \u00abIncontri Del Cinema Italiano\u00bb, dans le cadre des journ\u00e9es de \u00abLa Dolce Vita \u00e0 Mogador\u00bb de l\u2019Essaouira Film Fest.<\/p>\n\n\n\n<p>Situ\u00e9e au centre de l\u2019Italie, la r\u00e9gion des Marches s\u2019affirme comme l\u2019une des destinations les plus attrayantes et fascinantes pour les productions cin\u00e9matographiques. Sur un territoire compact, elle offre toute la diversit\u00e9 tant appr\u00e9ci\u00e9e de la p\u00e9ninsule italienne : une grande vari\u00e9t\u00e9 de paysages naturels et de d\u00e9cors id\u00e9aux pour les films, les s\u00e9ries t\u00e9l\u00e9vis\u00e9es et les documentaires.<\/p>\n\n\n\n<p>La Fondation Marche Cultura, \u00e0 travers sa Film Commission, soutient activement le secteur audiovisuel gr\u00e2ce \u00e0 des incitations et des services d\u00e9di\u00e9s aux productions. Parmi les principales facilit\u00e9s figurent des contributions financi\u00e8res, un soutien logistique et une assistance dans les d\u00e9marches administratives, facilitant ainsi le travail des soci\u00e9t\u00e9s de production italiennes et internationales.<\/p>\n\n\n\n<p>Avec un investissement global de 16 millions d\u2019euros dans l\u2019audiovisuel, les appels \u00e0 projets r\u00e9gionaux de 2023 et 2024 ont permis de financer \u00e0 ce jour plus de 50 productions&nbsp;: longs-m\u00e9trages, s\u00e9ries TV, courts-m\u00e9trages et formats vari\u00e9s.<\/p>\n\n\n\n<p>Andrea Agostini, Pr\u00e9sident de la Fondation Marche Cultura, d\u00e9clare&nbsp;: \u00abLes Marches repr\u00e9sentent un v\u00e9ritable plateau de tournage \u00e0 ciel ouvert, gr\u00e2ce \u00e0 ses paysages uniques, allant de la mer \u00e0 la montagne, parsem\u00e9s de villages pittoresques et de villes d\u2019art. Gr\u00e2ce \u00e0 des investissements strat\u00e9giques cibl\u00e9s, \u00e0 la simplification des d\u00e9marches, au dialogue avec le territoire et au soutien des professionnels locaux, les Marches sont aujourd\u2019hui reconnues comme une terre authentique et g\u00e9n\u00e9reuse, capable d\u2019accueillir des productions de grande qualit\u00e9. Notre objectif est de rendre cette r\u00e9gion toujours plus attractive pour le cin\u00e9ma, en apportant un soutien concret aux productions et en valorisant notre patrimoine culturel et paysager exceptionnel\u00bb.<\/p>\n\n\n\n<p>Pour sa part, le Directeur de la Marche Film Commission, Francesco Gesualdi, souligne&nbsp;: \u00abInvestir dans le cin\u00e9ma, c\u2019est aussi cr\u00e9er de nouvelles opportunit\u00e9s d\u2019emploi et de croissance \u00e9conomique. C\u2019est pourquoi nous continuerons \u00e0 soutenir avec conviction ceux qui choisissent les Marches comme d\u00e9cor de tournage. Notre Film Commission met \u00e0 disposition un \u00e9cosyst\u00e8me compos\u00e9 de paysages authentiques, de comp\u00e9tences techniques, de structures et d\u2019incitations pour accompagner les productions. Dans notre r\u00e9gion, nous sommes en mesure d\u2019offrir un tissu professionnel qualifi\u00e9, un atout d\u00e9cisif pour acc\u00e9der aux financements. Nous sommes \u00e9galement ouverts aux collaborations avec le Maroc, convaincus que le dialogue entre nos cultures peut enrichir le panorama cin\u00e9matographique international\u00bb.<\/p>\n","protected":false},"excerpt":{"rendered":"<p>La r\u00e9gion italienne des Marches est \u00e0 l\u2019honneur \u00e0 Essaouira, du 23 au 26 avril courant, \u00e0 l\u2019occasion de la troisi\u00e8me \u00e9dition des \u00abIncontri Del Cinema Italiano\u00bb, dans le cadre des journ\u00e9es de \u00abLa Dolce Vita \u00e0 Mogador\u00bb de l\u2019Essaouira Film Fest. Situ\u00e9e au centre de l\u2019Italie, la r\u00e9gion des Marches s\u2019affirme comme l\u2019une des &hellip;<\/p>\n","protected":false},"author":9,"featured_media":35103,"comment_status":"open","ping_status":"closed","sticky":false,"template":"","format":"standard","meta":{"footnotes":""},"categories":[51],"tags":[],"class_list":["post-35104","post","type-post","status-publish","format-standard","has-post-thumbnail","hentry","category-culture"],"_links":{"self":[{"href":"https:\/\/letempsmag.ma\/index.php?rest_route=\/wp\/v2\/posts\/35104","targetHints":{"allow":["GET"]}}],"collection":[{"href":"https:\/\/letempsmag.ma\/index.php?rest_route=\/wp\/v2\/posts"}],"about":[{"href":"https:\/\/letempsmag.ma\/index.php?rest_route=\/wp\/v2\/types\/post"}],"author":[{"embeddable":true,"href":"https:\/\/letempsmag.ma\/index.php?rest_route=\/wp\/v2\/users\/9"}],"replies":[{"embeddable":true,"href":"https:\/\/letempsmag.ma\/index.php?rest_route=%2Fwp%2Fv2%2Fcomments&post=35104"}],"version-history":[{"count":1,"href":"https:\/\/letempsmag.ma\/index.php?rest_route=\/wp\/v2\/posts\/35104\/revisions"}],"predecessor-version":[{"id":35105,"href":"https:\/\/letempsmag.ma\/index.php?rest_route=\/wp\/v2\/posts\/35104\/revisions\/35105"}],"wp:featuredmedia":[{"embeddable":true,"href":"https:\/\/letempsmag.ma\/index.php?rest_route=\/wp\/v2\/media\/35103"}],"wp:attachment":[{"href":"https:\/\/letempsmag.ma\/index.php?rest_route=%2Fwp%2Fv2%2Fmedia&parent=35104"}],"wp:term":[{"taxonomy":"category","embeddable":true,"href":"https:\/\/letempsmag.ma\/index.php?rest_route=%2Fwp%2Fv2%2Fcategories&post=35104"},{"taxonomy":"post_tag","embeddable":true,"href":"https:\/\/letempsmag.ma\/index.php?rest_route=%2Fwp%2Fv2%2Ftags&post=35104"}],"curies":[{"name":"wp","href":"https:\/\/api.w.org\/{rel}","templated":true}]}}