{"id":35008,"date":"2025-04-23T10:48:14","date_gmt":"2025-04-23T09:48:14","guid":{"rendered":"https:\/\/letempsmag.ma\/?p=35008"},"modified":"2025-04-23T10:48:14","modified_gmt":"2025-04-23T09:48:14","slug":"mohamed-filali-un-nouveau-president-pour-lassociation-marocaine-des-salles-des-marches","status":"publish","type":"post","link":"https:\/\/letempsmag.ma\/?p=35008","title":{"rendered":"Mohamed Filali, un nouveau Pr\u00e9sident pour l\u2019Association Marocaine des Salles des March\u00e9s"},"content":{"rendered":"\n<p>L\u2019Association Marocaine des Salles des March\u00e9s (AMSM) a tenu son Assembl\u00e9e G\u00e9n\u00e9rale \u00e9lective le 17 avril dernier, marqu\u00e9e par l\u2019\u00e9lection \u00e0 l\u2019unanimit\u00e9 de Mohamed Filali, Responsable March\u00e9s des Capitaux Maroc d\u2019Attijariwafa Bank, \u00e0 la pr\u00e9sidence du Conseil d\u2019Administration de l\u2019Association.<\/p>\n\n\n\n<p>Un nouveau Bureau ex\u00e9cutif a \u00e9t\u00e9 constitu\u00e9 \u00e0 cette occasion. Il se compose de&nbsp;:<\/p>\n\n\n\n<p>&#8211; Laila Benchemsi, Directrice G\u00e9n\u00e9rale de BMCE Capital Markets.<\/p>\n\n\n\n<p>&#8211; Aymane Chetibi, Directeur des March\u00e9s de Capitaux de Soci\u00e9t\u00e9 G\u00e9n\u00e9rale Maroc.<\/p>\n\n\n\n<p>&#8211; Firdaous Tahiri, Directrice du P\u00f4le March\u00e9s des Capitaux de Cr\u00e9dit Agricole du Maroc.<\/p>\n\n\n\n<p>&#8211; R\u00e9da Mekki Berrada, Directeur de la Salle des March\u00e9s de la Banque Centrale Populaire.<\/p>\n\n\n\n<p>Mohamed Filali succ\u00e8de \u00e0 R\u00e9da Mekki Berrada, \u00e0 qui l\u2019AMSM a exprim\u00e9 sa gratitude pour son engagement et la qualit\u00e9 de l\u2019action men\u00e9e tout au long de son mandat. \u00abCette \u00e9lection repr\u00e9sente pour moi un honneur et une grande responsabilit\u00e9. Je remercie les membres de l\u2019Association pour leur confiance, ainsi que mes pr\u00e9d\u00e9cesseurs pour les avanc\u00e9es r\u00e9alis\u00e9es. Les march\u00e9s des capitaux au Maroc s\u2019appr\u00eatent \u00e0 franchir une nouvelle \u00e9tape de d\u00e9veloppement, port\u00e9e par des r\u00e9formes structurelles, des enjeux de modernisation, de durabilit\u00e9 et de digitalisation. Dans ce contexte, l\u2019AMSM a un r\u00f4le strat\u00e9gique \u00e0 jouer pour accompagner ces mutations et contribuer activement \u00e0 la consolidation d\u2019un \u00e9cosyst\u00e8me financier robuste, transparent et performant. Notre priorit\u00e9 sera de poursuivre les efforts de structuration, d\u2019\u00e9lever les standards de place et de renforcer la contribution des salles des march\u00e9s \u00e0 l\u2019essor \u00e9conomique du pays\u00bb, a d\u00e9clar\u00e9 le nouveau Pr\u00e9sident suite \u00e0 son \u00e9lection.<\/p>\n\n\n\n<p><strong><em>\u00c0 propos de l\u2019AMSM<\/em><\/strong><\/p>\n\n\n\n<p>Cr\u00e9\u00e9e en 2018, l\u2019Association Marocaine des Salles des March\u00e9s (AMSM) est un groupement professionnel ind\u00e9pendant et \u00e0 but non lucratif, rassemblant les principaux op\u00e9rateurs du march\u00e9 des capitaux au Maroc. L\u2019Association regroupe 12 institutions membres et pr\u00e8s de 200 professionnels \u00e9voluant dans les diff\u00e9rents m\u00e9tiers de la finance de march\u00e9s&nbsp;: trading, vente et structuration. L\u2019AMSM se donne pour mission de contribuer activement au d\u00e9veloppement du march\u00e9 des capitaux marocain, de promouvoir les bonnes pratiques professionnelles, de favoriser la formation continue et de renforcer les synergies entre les acteurs locaux et internationaux du secteur. Elle \u0153uvre \u00e9galement \u00e0 la d\u00e9fense des int\u00e9r\u00eats de ses membres et \u00e0 l\u2019accompagnement des transformations structurelles du secteur.<\/p>\n","protected":false},"excerpt":{"rendered":"<p>L\u2019Association Marocaine des Salles des March\u00e9s (AMSM) a tenu son Assembl\u00e9e G\u00e9n\u00e9rale \u00e9lective le 17 avril dernier, marqu\u00e9e par l\u2019\u00e9lection \u00e0 l\u2019unanimit\u00e9 de Mohamed Filali, Responsable March\u00e9s des Capitaux Maroc d\u2019Attijariwafa Bank, \u00e0 la pr\u00e9sidence du Conseil d\u2019Administration de l\u2019Association. Un nouveau Bureau ex\u00e9cutif a \u00e9t\u00e9 constitu\u00e9 \u00e0 cette occasion. Il se compose de&nbsp;: &#8211; &hellip;<\/p>\n","protected":false},"author":9,"featured_media":35006,"comment_status":"open","ping_status":"closed","sticky":false,"template":"","format":"standard","meta":{"footnotes":""},"categories":[35],"tags":[],"class_list":["post-35008","post","type-post","status-publish","format-standard","has-post-thumbnail","hentry","category-finance"],"_links":{"self":[{"href":"https:\/\/letempsmag.ma\/index.php?rest_route=\/wp\/v2\/posts\/35008","targetHints":{"allow":["GET"]}}],"collection":[{"href":"https:\/\/letempsmag.ma\/index.php?rest_route=\/wp\/v2\/posts"}],"about":[{"href":"https:\/\/letempsmag.ma\/index.php?rest_route=\/wp\/v2\/types\/post"}],"author":[{"embeddable":true,"href":"https:\/\/letempsmag.ma\/index.php?rest_route=\/wp\/v2\/users\/9"}],"replies":[{"embeddable":true,"href":"https:\/\/letempsmag.ma\/index.php?rest_route=%2Fwp%2Fv2%2Fcomments&post=35008"}],"version-history":[{"count":1,"href":"https:\/\/letempsmag.ma\/index.php?rest_route=\/wp\/v2\/posts\/35008\/revisions"}],"predecessor-version":[{"id":35009,"href":"https:\/\/letempsmag.ma\/index.php?rest_route=\/wp\/v2\/posts\/35008\/revisions\/35009"}],"wp:featuredmedia":[{"embeddable":true,"href":"https:\/\/letempsmag.ma\/index.php?rest_route=\/wp\/v2\/media\/35006"}],"wp:attachment":[{"href":"https:\/\/letempsmag.ma\/index.php?rest_route=%2Fwp%2Fv2%2Fmedia&parent=35008"}],"wp:term":[{"taxonomy":"category","embeddable":true,"href":"https:\/\/letempsmag.ma\/index.php?rest_route=%2Fwp%2Fv2%2Fcategories&post=35008"},{"taxonomy":"post_tag","embeddable":true,"href":"https:\/\/letempsmag.ma\/index.php?rest_route=%2Fwp%2Fv2%2Ftags&post=35008"}],"curies":[{"name":"wp","href":"https:\/\/api.w.org\/{rel}","templated":true}]}}