{"id":34985,"date":"2025-04-21T15:33:47","date_gmt":"2025-04-21T14:33:47","guid":{"rendered":"https:\/\/letempsmag.ma\/?p=34985"},"modified":"2025-04-21T15:33:47","modified_gmt":"2025-04-21T14:33:47","slug":"marrakech-accueillera-le-premier-congres-national-des-agrumes-en-mai-prochain","status":"publish","type":"post","link":"https:\/\/letempsmag.ma\/?p=34985","title":{"rendered":"Marrakech accueillera le premier Congr\u00e8s National des Agrumes en mai prochain"},"content":{"rendered":"\n<p>Marrakech s\u2019appr\u00eate \u00e0 accueillir du 13 au 15 mai prochain le premier Congr\u00e8s National des Agrumes. Organis\u00e9 par le Groupement Interprofessionnel Maroc Citrus, sous l\u2019\u00e9gide du minist\u00e8re de l\u2019Agriculture, cet \u00e9v\u00e9nement se veut un rendez-vous strat\u00e9gique pour la fili\u00e8re. Celle-ci fait face depuis quelques ann\u00e9es \u00e0 de multiples d\u00e9fis comme le stress hydrique, le changement climatique, la hausse des co\u00fbts des intrants, la p\u00e9nurie de main-d\u2019\u0153uvre et la concurrence internationale.&nbsp;<\/p>\n\n\n\n<p>Les acteurs de l\u2019industrie marocaine des agrumes se donnent donc rendez-vous pour mieux appr\u00e9hender l\u2019avenir de ce secteur, tr\u00e8s dynamique \u00e0 l\u2019export. Les agriculteurs, les chercheurs, les exportateurs et les repr\u00e9sentants du gouvernement se pencheront lors de ce congr\u00e8s sur plusieurs probl\u00e9matiques, \u00e9changeront des id\u00e9es, partageront les bonnes pratiques et t\u00e2cheront d\u2019\u00e9laborer une feuille de route unifi\u00e9e. L\u2019un des moments forts de cette manifestation sera la pr\u00e9sentation des r\u00e9sultats d\u2019un recensement national et d\u2019une cartographie des vergers d\u2019agrumes marocains, men\u00e9 par Maroc Citrus, et qui servira de base aux d\u00e9cisions futures.<\/p>\n\n\n\n<p>Ce premier congr\u00e8s du genre se veut une plateforme de dialogue, un forum scientifique et un catalyseur d\u2019action collective, qui se penche sur chaque maillon de la cha\u00eene de valeur des agrumes pour rajeunir un pilier cl\u00e9 de l\u2019agriculture marocaine.<\/p>\n","protected":false},"excerpt":{"rendered":"<p>Marrakech s\u2019appr\u00eate \u00e0 accueillir du 13 au 15 mai prochain le premier Congr\u00e8s National des Agrumes. Organis\u00e9 par le Groupement Interprofessionnel Maroc Citrus, sous l\u2019\u00e9gide du minist\u00e8re de l\u2019Agriculture, cet \u00e9v\u00e9nement se veut un rendez-vous strat\u00e9gique pour la fili\u00e8re. Celle-ci fait face depuis quelques ann\u00e9es \u00e0 de multiples d\u00e9fis comme le stress hydrique, le changement &hellip;<\/p>\n","protected":false},"author":9,"featured_media":34967,"comment_status":"open","ping_status":"closed","sticky":false,"template":"","format":"standard","meta":{"footnotes":""},"categories":[31],"tags":[],"class_list":["post-34985","post","type-post","status-publish","format-standard","has-post-thumbnail","hentry","category-agro-industrie"],"_links":{"self":[{"href":"https:\/\/letempsmag.ma\/index.php?rest_route=\/wp\/v2\/posts\/34985","targetHints":{"allow":["GET"]}}],"collection":[{"href":"https:\/\/letempsmag.ma\/index.php?rest_route=\/wp\/v2\/posts"}],"about":[{"href":"https:\/\/letempsmag.ma\/index.php?rest_route=\/wp\/v2\/types\/post"}],"author":[{"embeddable":true,"href":"https:\/\/letempsmag.ma\/index.php?rest_route=\/wp\/v2\/users\/9"}],"replies":[{"embeddable":true,"href":"https:\/\/letempsmag.ma\/index.php?rest_route=%2Fwp%2Fv2%2Fcomments&post=34985"}],"version-history":[{"count":1,"href":"https:\/\/letempsmag.ma\/index.php?rest_route=\/wp\/v2\/posts\/34985\/revisions"}],"predecessor-version":[{"id":34986,"href":"https:\/\/letempsmag.ma\/index.php?rest_route=\/wp\/v2\/posts\/34985\/revisions\/34986"}],"wp:featuredmedia":[{"embeddable":true,"href":"https:\/\/letempsmag.ma\/index.php?rest_route=\/wp\/v2\/media\/34967"}],"wp:attachment":[{"href":"https:\/\/letempsmag.ma\/index.php?rest_route=%2Fwp%2Fv2%2Fmedia&parent=34985"}],"wp:term":[{"taxonomy":"category","embeddable":true,"href":"https:\/\/letempsmag.ma\/index.php?rest_route=%2Fwp%2Fv2%2Fcategories&post=34985"},{"taxonomy":"post_tag","embeddable":true,"href":"https:\/\/letempsmag.ma\/index.php?rest_route=%2Fwp%2Fv2%2Ftags&post=34985"}],"curies":[{"name":"wp","href":"https:\/\/api.w.org\/{rel}","templated":true}]}}