{"id":34981,"date":"2025-04-21T15:30:16","date_gmt":"2025-04-21T14:30:16","guid":{"rendered":"https:\/\/letempsmag.ma\/?p=34981"},"modified":"2025-04-21T15:30:16","modified_gmt":"2025-04-21T14:30:16","slug":"une-convention-pour-booster-les-exportations-dartisanat","status":"publish","type":"post","link":"https:\/\/letempsmag.ma\/?p=34981","title":{"rendered":"Une convention pour booster les exportations d\u2019artisanat"},"content":{"rendered":"\n<p>Fortement pris\u00e9 sur le march\u00e9 international, l\u2019artisanat marocain a le vent en poupe. Pour surfer sur cette embellie, qui remonte \u00e0 la fin de la crise sanitaire, le Secr\u00e9tariat d\u2019\u00c9tat charg\u00e9 de l\u2019Artisanat et de l\u2019\u00c9conomie sociale et solidaire, le secr\u00e9tariat d\u2019\u00c9tat charg\u00e9 du Commerce ext\u00e9rieur et la Maison de l\u2019Artisan ont sign\u00e9 r\u00e9cemment \u00e0 Rabat une convention de partenariat strat\u00e9gique afin de renforcer les exportations de l\u2019artisanat national.<\/p>\n\n\n\n<p>Dot\u00e9e d\u2019un budget global de 30 millions de DH, cette convention couvre les ann\u00e9es 2025 et 2026 et se fixe pour objectif d\u2019\u00e9tablir un cadre ambitieux de coop\u00e9ration en vue de soutenir et d\u00e9velopper les exportations de l\u2019artisanat marocain, tout en renfor\u00e7ant la comp\u00e9titivit\u00e9 des acteurs de ce secteur vital, conform\u00e9ment aux orientations du nouveau Mod\u00e8le de d\u00e9veloppement et du programme gouvernemental.<\/p>\n\n\n\n<p>La convention pr\u00e9voit une s\u00e9rie de mesures structurantes, dont l\u2019accompagnement des entreprises et coop\u00e9ratives op\u00e9rant dans le domaine de l\u2019artisanat pour accro\u00eetre leur capacit\u00e9 exportatrice, ainsi que le d\u00e9veloppement des outils num\u00e9riques et l\u2019int\u00e9gration de l\u2019intelligence artificielle au service du commerce ext\u00e9rieur. Il s\u2019agit \u00e9galement de l\u2019encouragement \u00e0 la cr\u00e9ation de plateformes num\u00e9riques de commercialisation et au renforcement de la pr\u00e9sence sur les grandes plateformes mondiales de commerce \u00e9lectronique, de l\u2019am\u00e9lioration du cadre r\u00e9glementaire et statistique des op\u00e9rations d\u2019exportation, y compris l\u2019int\u00e9gration des produits de l\u2019artisanat dans le syst\u00e8me harmonis\u00e9 de tarification douani\u00e8re (code SH), en plus de l\u2019\u00e9tude de m\u00e9canismes efficaces pour la couverture des risques li\u00e9s \u00e0 l\u2019exportation des produits de l\u2019artisanat marocain.<\/p>\n\n\n\n<p>Cette convention illustre l\u2019importance de l\u2019artisanat en tant que composante essentielle de l\u2019identit\u00e9 de la marque \u00abMade in Morocco\u00bb. Rappelons que le Royaume exporte pour plus de 1,1 milliard de DH de produits artisanaux \u00e0 l\u2019\u00e9tranger.<\/p>\n","protected":false},"excerpt":{"rendered":"<p>Fortement pris\u00e9 sur le march\u00e9 international, l\u2019artisanat marocain a le vent en poupe. Pour surfer sur cette embellie, qui remonte \u00e0 la fin de la crise sanitaire, le Secr\u00e9tariat d\u2019\u00c9tat charg\u00e9 de l\u2019Artisanat et de l\u2019\u00c9conomie sociale et solidaire, le secr\u00e9tariat d\u2019\u00c9tat charg\u00e9 du Commerce ext\u00e9rieur et la Maison de l\u2019Artisan ont sign\u00e9 r\u00e9cemment \u00e0 &hellip;<\/p>\n","protected":false},"author":9,"featured_media":34965,"comment_status":"open","ping_status":"closed","sticky":false,"template":"","format":"standard","meta":{"footnotes":""},"categories":[625],"tags":[],"class_list":["post-34981","post","type-post","status-publish","format-standard","has-post-thumbnail","hentry","category-commerce-exterieur-2"],"_links":{"self":[{"href":"https:\/\/letempsmag.ma\/index.php?rest_route=\/wp\/v2\/posts\/34981","targetHints":{"allow":["GET"]}}],"collection":[{"href":"https:\/\/letempsmag.ma\/index.php?rest_route=\/wp\/v2\/posts"}],"about":[{"href":"https:\/\/letempsmag.ma\/index.php?rest_route=\/wp\/v2\/types\/post"}],"author":[{"embeddable":true,"href":"https:\/\/letempsmag.ma\/index.php?rest_route=\/wp\/v2\/users\/9"}],"replies":[{"embeddable":true,"href":"https:\/\/letempsmag.ma\/index.php?rest_route=%2Fwp%2Fv2%2Fcomments&post=34981"}],"version-history":[{"count":1,"href":"https:\/\/letempsmag.ma\/index.php?rest_route=\/wp\/v2\/posts\/34981\/revisions"}],"predecessor-version":[{"id":34982,"href":"https:\/\/letempsmag.ma\/index.php?rest_route=\/wp\/v2\/posts\/34981\/revisions\/34982"}],"wp:featuredmedia":[{"embeddable":true,"href":"https:\/\/letempsmag.ma\/index.php?rest_route=\/wp\/v2\/media\/34965"}],"wp:attachment":[{"href":"https:\/\/letempsmag.ma\/index.php?rest_route=%2Fwp%2Fv2%2Fmedia&parent=34981"}],"wp:term":[{"taxonomy":"category","embeddable":true,"href":"https:\/\/letempsmag.ma\/index.php?rest_route=%2Fwp%2Fv2%2Fcategories&post=34981"},{"taxonomy":"post_tag","embeddable":true,"href":"https:\/\/letempsmag.ma\/index.php?rest_route=%2Fwp%2Fv2%2Ftags&post=34981"}],"curies":[{"name":"wp","href":"https:\/\/api.w.org\/{rel}","templated":true}]}}