{"id":34943,"date":"2025-04-18T10:58:14","date_gmt":"2025-04-18T09:58:14","guid":{"rendered":"https:\/\/letempsmag.ma\/?p=34943"},"modified":"2025-04-18T10:58:14","modified_gmt":"2025-04-18T09:58:14","slug":"dongfeng-maroc-livre-le-premier-minibus-100-electrique-dans-le-royaume","status":"publish","type":"post","link":"https:\/\/letempsmag.ma\/?p=34943","title":{"rendered":"Dongfeng Maroc livre le premier minibus 100% \u00e9lectrique dans le Royaume"},"content":{"rendered":"\n<p>Dongfeng Maroc, filiale du groupe Bugshan Maroc et marque chinoise de r\u00e9f\u00e9rence dans le secteur des v\u00e9hicules utilitaires, annonce la livraison du premier minibus \u00e9lectrique (mod\u00e8le \u00abU VAN EV\u00bb) au Maroc. Destin\u00e9 au transport de personnel dans la ville de Rabat, le v\u00e9hicule a \u00e9t\u00e9 remis au groupe Hakom Transport, un acteur majeur du transport \u00e0 l\u2019\u00e9chelle nationale.<\/p>\n\n\n\n<p>Avec une autonomie pouvant atteindre 360 km, le \u00abU VAN EV\u00bb se positionne comme une solution \u00e0 la fois innovante, \u00e9cologique et performante, parfaitement adapt\u00e9e aux besoins des professionnels du transport. Cette premi\u00e8re livraison marque une \u00e9tape significative dans le d\u00e9veloppement de la mobilit\u00e9 \u00e9lectrique utilitaire au Maroc.<\/p>\n\n\n\n<p>\u00abCette livraison repr\u00e9sente une avanc\u00e9e majeure pour Dongfeng Maroc et un pas important vers l\u2019avenir de la mobilit\u00e9 \u00e9lectrique dans le Royaume. Nous sommes fiers d\u2019apporter une r\u00e9ponse concr\u00e8te aux enjeux environnementaux tout en assurant performance, comp\u00e9titivit\u00e9, accessibilit\u00e9, et autonomie \u00e0 nos clients professionnels\u00bb, d\u00e9clare Abdelhak Khadraoui, Directeur G\u00e9n\u00e9ral de Dongfeng Maroc.<\/p>\n\n\n\n<p>Pour sa part, le Pr\u00e9sident Hakom Transoprt, Ahmed Zaray, souligne&nbsp;: \u00abL\u2019int\u00e9gration de v\u00e9hicules \u00e9lectriques \u00e0 notre flotte marque une \u00e9tape significative dans notre engagement envers la durabilit\u00e9. En tant que pionniers dans ce domaine au Maroc, nous affirmons notre volont\u00e9 de contribuer activement \u00e0 la transition \u00e9nerg\u00e9tique du secteur du transport\u00bb.<\/p>\n","protected":false},"excerpt":{"rendered":"<p>Dongfeng Maroc, filiale du groupe Bugshan Maroc et marque chinoise de r\u00e9f\u00e9rence dans le secteur des v\u00e9hicules utilitaires, annonce la livraison du premier minibus \u00e9lectrique (mod\u00e8le \u00abU VAN EV\u00bb) au Maroc. Destin\u00e9 au transport de personnel dans la ville de Rabat, le v\u00e9hicule a \u00e9t\u00e9 remis au groupe Hakom Transport, un acteur majeur du transport &hellip;<\/p>\n","protected":false},"author":9,"featured_media":34942,"comment_status":"open","ping_status":"closed","sticky":false,"template":"","format":"standard","meta":{"footnotes":""},"categories":[263],"tags":[],"class_list":["post-34943","post","type-post","status-publish","format-standard","has-post-thumbnail","hentry","category-transport"],"_links":{"self":[{"href":"https:\/\/letempsmag.ma\/index.php?rest_route=\/wp\/v2\/posts\/34943","targetHints":{"allow":["GET"]}}],"collection":[{"href":"https:\/\/letempsmag.ma\/index.php?rest_route=\/wp\/v2\/posts"}],"about":[{"href":"https:\/\/letempsmag.ma\/index.php?rest_route=\/wp\/v2\/types\/post"}],"author":[{"embeddable":true,"href":"https:\/\/letempsmag.ma\/index.php?rest_route=\/wp\/v2\/users\/9"}],"replies":[{"embeddable":true,"href":"https:\/\/letempsmag.ma\/index.php?rest_route=%2Fwp%2Fv2%2Fcomments&post=34943"}],"version-history":[{"count":1,"href":"https:\/\/letempsmag.ma\/index.php?rest_route=\/wp\/v2\/posts\/34943\/revisions"}],"predecessor-version":[{"id":34944,"href":"https:\/\/letempsmag.ma\/index.php?rest_route=\/wp\/v2\/posts\/34943\/revisions\/34944"}],"wp:featuredmedia":[{"embeddable":true,"href":"https:\/\/letempsmag.ma\/index.php?rest_route=\/wp\/v2\/media\/34942"}],"wp:attachment":[{"href":"https:\/\/letempsmag.ma\/index.php?rest_route=%2Fwp%2Fv2%2Fmedia&parent=34943"}],"wp:term":[{"taxonomy":"category","embeddable":true,"href":"https:\/\/letempsmag.ma\/index.php?rest_route=%2Fwp%2Fv2%2Fcategories&post=34943"},{"taxonomy":"post_tag","embeddable":true,"href":"https:\/\/letempsmag.ma\/index.php?rest_route=%2Fwp%2Fv2%2Ftags&post=34943"}],"curies":[{"name":"wp","href":"https:\/\/api.w.org\/{rel}","templated":true}]}}