{"id":34846,"date":"2025-04-12T13:31:34","date_gmt":"2025-04-12T12:31:34","guid":{"rendered":"https:\/\/letempsmag.ma\/?p=34846"},"modified":"2025-04-12T13:31:35","modified_gmt":"2025-04-12T12:31:35","slug":"un-sacre-challenge","status":"publish","type":"post","link":"https:\/\/letempsmag.ma\/?p=34846","title":{"rendered":"UN SACR\u00c9 CHALLENGE\u00a0!"},"content":{"rendered":"\n<p class=\"has-text-align-center\"><strong>Par HASSAN EL ARCH<\/strong><\/p>\n\n\n\n<p class=\"has-text-align-center\"><strong>Directeur de la R\u00e9daction<\/strong><\/p>\n\n\n\n<p class=\"has-text-align-center\"><strong>direction@letempsmag.ma<\/strong><\/p>\n\n\n\n<p>Assur\u00e9ment, c\u2019est l\u2019\u00e9v\u00e9nement-phare, cette semaine au Maroc, dans l\u2019\u00e9cosyst\u00e8me des nouvelles technologies. Le Gitex, Salon mondial de grande envergure et de port\u00e9e consid\u00e9rable, fait escale du 14 au 16 avril courant \u00e0 Marrakech, dans une version Afrique qui fait beaucoup de buzz, depuis plusieurs semaines. On en comprend ais\u00e9ment le sens et les enjeux d\u00e8s lors qu\u2019on met en contexte ce qui sous-tend ce m\u00e9ga-\u00e9v\u00e9nement&nbsp;: la Strat\u00e9gie nationale \u00abMaroc Digital 2030\u00bb.<\/p>\n\n\n\n<p>Les principaux d\u00e9cideurs et hauts responsables concern\u00e9s directement (ou indirectement) par la high-tech dans le Royaume abondent dans la m\u00eame direction. Celle du changement par la transformation digitale. \u00c0 commencer par le Chef du Gouvernement, Aziz Akhannouch, la Ministre d\u00e9l\u00e9gu\u00e9e charg\u00e9e de la Transition num\u00e9rique et de la R\u00e9forme de l&#8217;administration, Amal El Fallah Seghrouchni, le Directeur G\u00e9n\u00e9ral de l&#8217;Agence de D\u00e9veloppement Digital (ADD), Mohammed Drissi Melyani, le Pr\u00e9sident de la Conf\u00e9d\u00e9ration G\u00e9n\u00e9rale des Entreprises du Maroc (CGEM), Chakib Alj, ou encore le Pr\u00e9sident de la F\u00e9d\u00e9ration des Technologies de l\u2019Information, des T\u00e9l\u00e9communications et de l\u2019Offshoring (APEBI), Redouane El Haloui.<\/p>\n\n\n\n<p>Tout va de plus en plus vite en la mati\u00e8re. Il n\u2019y a qu\u2019\u00e0 regarder dans le r\u00e9troviseur du calendrier. La Strat\u00e9gie nationale \u00abMaroc Digital 2030\u00bb a \u00e9t\u00e9 officiellement lanc\u00e9e le 25 septembre 2024 \u00e0 Rabat, dans une \u00e9norme effervescence m\u00e9diatique, en pr\u00e9sence de la plupart des membres de l\u2019Ex\u00e9cutif, du Conseiller de S.M. le Roi, Andr\u00e9 Azoulay, de Pr\u00e9sidents d&#8217;instances constitutionnelles et de dirigeants d\u2019\u00e9tablissements publics. \u00c0 la cl\u00e9, cr\u00e9ation de 240.000 emplois directs, une contribution significative au produit int\u00e9rieur brut et l\u2019ambition d&#8217;\u00e9riger le Maroc en un pays num\u00e9riquement productif.<\/p>\n\n\n\n<p>La tenue du Gitex Africa 2025, environ 6 mois apr\u00e8s l\u2019annonce de cette Strat\u00e9gie nationale, est un bon indicateur. Il donne d\u00e9sormais plus de sens, en effet, \u00e0 cette dynamique, m\u00eame si la premi\u00e8re \u00e9dition du Salon est ant\u00e9rieure, puisque Marrakech l\u2019avait accueillie en 2023. Un sondage r\u00e9v\u00e8le que 84% des exposants au Salon disent vouloir s&#8217;implanter ou se d\u00e9velopper au Maroc, gr\u00e2ce aux mises en relations et connexions \u00e9tablies lors de cet \u00e9v\u00e9nement. Tout se passe dor\u00e9navant comme si chaque \u00e9dition du Gitex devenait une brique suppl\u00e9mentaire dans la communication sur le \u00abMaroc Digital 2030\u00bb. Les acteurs priv\u00e9s et publics de cet \u00e9cosyst\u00e8me sont dans cette disposition d\u2019esprit. Cela renseigne, en tout cas, sur leur prise de conscience des enjeux qui gouvernent les projets et les investissements dans ce secteur. L\u2019objectif majeur reste celui-l\u00e0&nbsp;: faire entrer le Maroc dans le top 50 mondial de l&#8217;indice de d\u00e9veloppement du E-gouvernement. Un sacr\u00e9 challenge&nbsp;!<\/p>\n","protected":false},"excerpt":{"rendered":"<p>Par HASSAN EL ARCH Directeur de la R\u00e9daction direction@letempsmag.ma Assur\u00e9ment, c\u2019est l\u2019\u00e9v\u00e9nement-phare, cette semaine au Maroc, dans l\u2019\u00e9cosyst\u00e8me des nouvelles technologies. Le Gitex, Salon mondial de grande envergure et de port\u00e9e consid\u00e9rable, fait escale du 14 au 16 avril courant \u00e0 Marrakech, dans une version Afrique qui fait beaucoup de buzz, depuis plusieurs semaines. On &hellip;<\/p>\n","protected":false},"author":9,"featured_media":30319,"comment_status":"open","ping_status":"closed","sticky":false,"template":"","format":"standard","meta":{"footnotes":""},"categories":[44],"tags":[],"class_list":["post-34846","post","type-post","status-publish","format-standard","has-post-thumbnail","hentry","category-edito"],"_links":{"self":[{"href":"https:\/\/letempsmag.ma\/index.php?rest_route=\/wp\/v2\/posts\/34846","targetHints":{"allow":["GET"]}}],"collection":[{"href":"https:\/\/letempsmag.ma\/index.php?rest_route=\/wp\/v2\/posts"}],"about":[{"href":"https:\/\/letempsmag.ma\/index.php?rest_route=\/wp\/v2\/types\/post"}],"author":[{"embeddable":true,"href":"https:\/\/letempsmag.ma\/index.php?rest_route=\/wp\/v2\/users\/9"}],"replies":[{"embeddable":true,"href":"https:\/\/letempsmag.ma\/index.php?rest_route=%2Fwp%2Fv2%2Fcomments&post=34846"}],"version-history":[{"count":1,"href":"https:\/\/letempsmag.ma\/index.php?rest_route=\/wp\/v2\/posts\/34846\/revisions"}],"predecessor-version":[{"id":34847,"href":"https:\/\/letempsmag.ma\/index.php?rest_route=\/wp\/v2\/posts\/34846\/revisions\/34847"}],"wp:featuredmedia":[{"embeddable":true,"href":"https:\/\/letempsmag.ma\/index.php?rest_route=\/wp\/v2\/media\/30319"}],"wp:attachment":[{"href":"https:\/\/letempsmag.ma\/index.php?rest_route=%2Fwp%2Fv2%2Fmedia&parent=34846"}],"wp:term":[{"taxonomy":"category","embeddable":true,"href":"https:\/\/letempsmag.ma\/index.php?rest_route=%2Fwp%2Fv2%2Fcategories&post=34846"},{"taxonomy":"post_tag","embeddable":true,"href":"https:\/\/letempsmag.ma\/index.php?rest_route=%2Fwp%2Fv2%2Ftags&post=34846"}],"curies":[{"name":"wp","href":"https:\/\/api.w.org\/{rel}","templated":true}]}}