{"id":34773,"date":"2025-04-10T15:02:38","date_gmt":"2025-04-10T14:02:38","guid":{"rendered":"https:\/\/letempsmag.ma\/?p=34773"},"modified":"2025-04-10T15:02:38","modified_gmt":"2025-04-10T14:02:38","slug":"ficam-2025-quand-le-cinema-danimation-rencontre-le-jeu-video","status":"publish","type":"post","link":"https:\/\/letempsmag.ma\/?p=34773","title":{"rendered":"FICAM 2025\u00a0: quand le cin\u00e9ma d\u2019animation rencontre le jeu vid\u00e9o"},"content":{"rendered":"\n<p>Mekn\u00e8s s\u2019appr\u00eate \u00e0 vivre une 23<sup>\u00e8me<\/sup> \u00e9dition du Festival International de Cin\u00e9ma d&#8217;Animation (FICAM) haute en couleurs et en \u00e9motions. Du 16 au 21 mai prochain, la capitale isma\u00e9lienne se transformera en carrefour mondial de la cr\u00e9ativit\u00e9, en mettant \u00e0 l\u2019honneur l\u2019interaction croissante entre cin\u00e9ma d\u2019animation et jeu vid\u00e9o.<\/p>\n\n\n\n<p>C\u2019est un casting d\u2019exception qui donnera le ton de cette \u00e9dition 2025, avec en ouverture une conf\u00e9rence exclusive de C\u00e9dric Babouche, r\u00e9alisateur et directeur artistique de renom, dont le parcours hybride entre film et gaming incarne parfaitement le th\u00e8me de cette ann\u00e9e. Cette intervention marquera le coup d\u2019envoi d\u2019une semaine d\u00e9di\u00e9e aux nouvelles formes de narration et aux synergies entre deux univers en pleine effervescence.<\/p>\n\n\n\n<p>Le festival s\u2019ouvrira \u00e9galement avec la projection tr\u00e8s attendue de \u00abFlow\u00bb, long-m\u00e9trage plusieurs fois prim\u00e9, notamment aux C\u00e9sars 2025 et aux Oscars 2025, et salu\u00e9 au Festival d\u2019Annecy. Le public aura la chance d\u2019interagir avec Th\u00e9ophile Robert, directeur de production de ce film, lors d\u2019une rencontre privil\u00e9gi\u00e9e.<\/p>\n\n\n\n<p>Autre moment fort&nbsp;: le retour tr\u00e8s attendu de Claude Barras, r\u00e9alisateur du c\u00e9l\u00e8bre \u00abMa vie de Courgette\u00bb. Il revient cette ann\u00e9e au FICAM pour partager une \u00abLe\u00e7on de Cin\u00e9ma\u00bb autour de son nouveau film \u00abSauvages\u00bb, \u00e9galement en lice pour les C\u00e9sars. Une c\u00e9l\u00e9bration appuy\u00e9e sera faite du \u00abStop Motion\u00bb, qui sera aussi l\u2019occasion de rendre hommage \u00e0 deux figures africaines majeures de l\u2019animation&nbsp;: le Congolais Jean-Michel Kibushi, pionnier du genre, et le Tunisien Zouhaier Mahjoub, ma\u00eetre du stop motion sur le continent.<\/p>\n\n\n\n<p>Parmi les autres p\u00e9pites \u00e0 d\u00e9couvrir, \u00abHola Frida\u00bb, une \u0153uvre inspir\u00e9e de la vie de Frida Kahlo, qui sera projet\u00e9e en pr\u00e9sence de son r\u00e9alisateur Andr\u00e9 Kadi, pour une immersion \u00e9mouvante dans l\u2019univers de l\u2019ic\u00f4ne mexicaine.<\/p>\n\n\n\n<p>Une des grandes nouveaut\u00e9s de cette \u00e9dition 2025&nbsp;: Mekn\u00e8s accueillera pour la premi\u00e8re fois une \u00e9tape du \u00abWorld Cosplay Summit\u00bb, l\u2019\u00e9v\u00e9nement mondial d\u00e9di\u00e9 \u00e0 l\u2019art du cosplay. Le cosplay est l\u2019association des mots anglais \u00abcostume\u00bb et \u00abplay\u00bb. La formule commune peut \u00eatre ainsi r\u00e9sum\u00e9e&nbsp;: pratique de s\u2019habiller en tant que personnage d\u2019un film, d\u2019un livre ou d\u2019un jeu vid\u00e9o, en particulier des genres japonais de manga ou d\u2019animation. Les laur\u00e9ats de cette comp\u00e9tition repr\u00e9senteront le Maroc lors de la grande finale au Japon, ce qui sera une premi\u00e8re historique pour le Royaume.<\/p>\n\n\n\n<p>Enfin, comme \u00e0 chaque \u00e9dition, le FICAM proposera un programme riche m\u00ealant Master Class, projections, rencontres professionnelles et la participation d\u2019\u00e9tudiants venus des plus grandes \u00e9coles internationales.<\/p>\n\n\n\n<p>Avec une programmation ambitieuse et \u00e9clectique, le FICAM 2025 promet de marquer les esprits. Artistes, \u00e9tudiants, passionn\u00e9s et curieux ont rendez-vous \u00e0 Mekn\u00e8s pour un beau voyage au c\u0153ur de l\u2019imaginaire anim\u00e9.<\/p>\n\n\n\n<p><strong>L. F.<\/strong><\/p>\n","protected":false},"excerpt":{"rendered":"<p>Mekn\u00e8s s\u2019appr\u00eate \u00e0 vivre une 23\u00e8me \u00e9dition du Festival International de Cin\u00e9ma d&#8217;Animation (FICAM) haute en couleurs et en \u00e9motions. Du 16 au 21 mai prochain, la capitale isma\u00e9lienne se transformera en carrefour mondial de la cr\u00e9ativit\u00e9, en mettant \u00e0 l\u2019honneur l\u2019interaction croissante entre cin\u00e9ma d\u2019animation et jeu vid\u00e9o. C\u2019est un casting d\u2019exception qui donnera &hellip;<\/p>\n","protected":false},"author":9,"featured_media":34754,"comment_status":"open","ping_status":"closed","sticky":false,"template":"","format":"standard","meta":{"footnotes":""},"categories":[889],"tags":[],"class_list":["post-34773","post","type-post","status-publish","format-standard","has-post-thumbnail","hentry","category-festival"],"_links":{"self":[{"href":"https:\/\/letempsmag.ma\/index.php?rest_route=\/wp\/v2\/posts\/34773","targetHints":{"allow":["GET"]}}],"collection":[{"href":"https:\/\/letempsmag.ma\/index.php?rest_route=\/wp\/v2\/posts"}],"about":[{"href":"https:\/\/letempsmag.ma\/index.php?rest_route=\/wp\/v2\/types\/post"}],"author":[{"embeddable":true,"href":"https:\/\/letempsmag.ma\/index.php?rest_route=\/wp\/v2\/users\/9"}],"replies":[{"embeddable":true,"href":"https:\/\/letempsmag.ma\/index.php?rest_route=%2Fwp%2Fv2%2Fcomments&post=34773"}],"version-history":[{"count":1,"href":"https:\/\/letempsmag.ma\/index.php?rest_route=\/wp\/v2\/posts\/34773\/revisions"}],"predecessor-version":[{"id":34774,"href":"https:\/\/letempsmag.ma\/index.php?rest_route=\/wp\/v2\/posts\/34773\/revisions\/34774"}],"wp:featuredmedia":[{"embeddable":true,"href":"https:\/\/letempsmag.ma\/index.php?rest_route=\/wp\/v2\/media\/34754"}],"wp:attachment":[{"href":"https:\/\/letempsmag.ma\/index.php?rest_route=%2Fwp%2Fv2%2Fmedia&parent=34773"}],"wp:term":[{"taxonomy":"category","embeddable":true,"href":"https:\/\/letempsmag.ma\/index.php?rest_route=%2Fwp%2Fv2%2Fcategories&post=34773"},{"taxonomy":"post_tag","embeddable":true,"href":"https:\/\/letempsmag.ma\/index.php?rest_route=%2Fwp%2Fv2%2Ftags&post=34773"}],"curies":[{"name":"wp","href":"https:\/\/api.w.org\/{rel}","templated":true}]}}