{"id":34769,"date":"2025-04-10T15:01:09","date_gmt":"2025-04-10T14:01:09","guid":{"rendered":"https:\/\/letempsmag.ma\/?p=34769"},"modified":"2025-04-10T15:01:10","modified_gmt":"2025-04-10T14:01:10","slug":"la-fondation-renault-maroc-lance-la-10eme-edition-de-tkayes-school","status":"publish","type":"post","link":"https:\/\/letempsmag.ma\/?p=34769","title":{"rendered":"La Fondation Renault Maroc lance la 10\u00e8me \u00e9dition de \u00abTkayes School\u00bb"},"content":{"rendered":"\n<p>Fid\u00e8le \u00e0 son engagement pour l\u2019\u00e9ducation routi\u00e8re d\u00e8s le plus jeune \u00e2ge, la Fondation Renault Maroc lance une nouvelle \u00e9dition du programme \u00abTkayes School\u00bb, qui c\u00e9l\u00e8bre cette ann\u00e9e sa 10<sup>\u00e8me<\/sup> \u00e9dition. La premi\u00e8re phase s\u2019est d\u00e9roul\u00e9e du 18 f\u00e9vrier dernier au 5 avril courant dans la province de Fahs Anjra, \u00e0 Tanger, au profit de plus de 5.500 \u00e9l\u00e8ves dans 37 \u00e9tablissements scolaires de la r\u00e9gion. La deuxi\u00e8me phase se poursuivra \u00e0 Casablanca en octobre prochain, avec la m\u00eame volont\u00e9 de promouvoir une v\u00e9ritable culture de la s\u00e9curit\u00e9 routi\u00e8re aupr\u00e8s des jeunes usagers.<\/p>\n\n\n\n<p>La s\u00e9curit\u00e9 routi\u00e8re reste un enjeu majeur, notamment pour les jeunes, pour qui la pr\u00e9vention demeure le levier le plus efficace pour se prot\u00e9ger. C\u2019est dans ce cadre que la Fondation Renault Maroc a fait le choix de s\u2019engager durablement \u00e0 travers son programme \u00abTkayes School\u00bb.<\/p>\n\n\n\n<p>Lanc\u00e9e en 2015, cette initiative citoyenne est devenue une r\u00e9f\u00e9rence en mati\u00e8re d\u2019\u00e9ducation \u00e0 la s\u00e9curit\u00e9 routi\u00e8re. Bas\u00e9e sur une approche ludique avec des outils adapt\u00e9s au contexte local, le programme \u00abTkayes School\u00bb a d\u00e9j\u00e0 sensibilis\u00e9 plus de 85.000 \u00e9coliers \u00e2g\u00e9s de 9 \u00e0 13 ans. Cette approche de pr\u00e9vention se d\u00e9ploie chaque ann\u00e9e \u00e0 travers des ateliers anim\u00e9s par des intervenants sp\u00e9cialis\u00e9s, en collaboration avec les directions provinciales de l\u2019\u00c9ducation nationale.<\/p>\n","protected":false},"excerpt":{"rendered":"<p>Fid\u00e8le \u00e0 son engagement pour l\u2019\u00e9ducation routi\u00e8re d\u00e8s le plus jeune \u00e2ge, la Fondation Renault Maroc lance une nouvelle \u00e9dition du programme \u00abTkayes School\u00bb, qui c\u00e9l\u00e8bre cette ann\u00e9e sa 10\u00e8me \u00e9dition. La premi\u00e8re phase s\u2019est d\u00e9roul\u00e9e du 18 f\u00e9vrier dernier au 5 avril courant dans la province de Fahs Anjra, \u00e0 Tanger, au profit de &hellip;<\/p>\n","protected":false},"author":9,"featured_media":34753,"comment_status":"open","ping_status":"closed","sticky":false,"template":"","format":"standard","meta":{"footnotes":""},"categories":[80],"tags":[],"class_list":["post-34769","post","type-post","status-publish","format-standard","has-post-thumbnail","hentry","category-education"],"_links":{"self":[{"href":"https:\/\/letempsmag.ma\/index.php?rest_route=\/wp\/v2\/posts\/34769","targetHints":{"allow":["GET"]}}],"collection":[{"href":"https:\/\/letempsmag.ma\/index.php?rest_route=\/wp\/v2\/posts"}],"about":[{"href":"https:\/\/letempsmag.ma\/index.php?rest_route=\/wp\/v2\/types\/post"}],"author":[{"embeddable":true,"href":"https:\/\/letempsmag.ma\/index.php?rest_route=\/wp\/v2\/users\/9"}],"replies":[{"embeddable":true,"href":"https:\/\/letempsmag.ma\/index.php?rest_route=%2Fwp%2Fv2%2Fcomments&post=34769"}],"version-history":[{"count":1,"href":"https:\/\/letempsmag.ma\/index.php?rest_route=\/wp\/v2\/posts\/34769\/revisions"}],"predecessor-version":[{"id":34770,"href":"https:\/\/letempsmag.ma\/index.php?rest_route=\/wp\/v2\/posts\/34769\/revisions\/34770"}],"wp:featuredmedia":[{"embeddable":true,"href":"https:\/\/letempsmag.ma\/index.php?rest_route=\/wp\/v2\/media\/34753"}],"wp:attachment":[{"href":"https:\/\/letempsmag.ma\/index.php?rest_route=%2Fwp%2Fv2%2Fmedia&parent=34769"}],"wp:term":[{"taxonomy":"category","embeddable":true,"href":"https:\/\/letempsmag.ma\/index.php?rest_route=%2Fwp%2Fv2%2Fcategories&post=34769"},{"taxonomy":"post_tag","embeddable":true,"href":"https:\/\/letempsmag.ma\/index.php?rest_route=%2Fwp%2Fv2%2Ftags&post=34769"}],"curies":[{"name":"wp","href":"https:\/\/api.w.org\/{rel}","templated":true}]}}