{"id":34739,"date":"2025-04-09T09:18:46","date_gmt":"2025-04-09T08:18:46","guid":{"rendered":"https:\/\/letempsmag.ma\/?p=34739"},"modified":"2025-04-09T09:18:46","modified_gmt":"2025-04-09T08:18:46","slug":"le-danois-jabra-au-gitex-2025-a-marrakech-avec-des-innovations-audio-et-video-majeures","status":"publish","type":"post","link":"https:\/\/letempsmag.ma\/?p=34739","title":{"rendered":"Le danois Jabra au Gitex 2025 \u00e0 Marrakech avec des innovations audio et vid\u00e9o majeures"},"content":{"rendered":"\n<p>Jabra, entreprise danoise et leader mondial des solutions audio et vid\u00e9o professionnelles, participera au Gitex Africa 2025, qui se tiendra du 14 au 16 avril \u00e0 Marrakech. \u00c0 travers cette pr\u00e9sence strat\u00e9gique, l\u2019entreprise r\u00e9affirme son engagement envers le march\u00e9 africain et son ambition d\u2019accompagner les organisations dans l\u2019adoption de solutions de collaboration plus intelligentes, flexibles et performantes.<\/p>\n\n\n\n<p>Pour l\u2019occasion, Jabra d\u00e9voilera ses derni\u00e8res innovations, con\u00e7ues pour optimiser l\u2019exp\u00e9rience des espaces de r\u00e9union, du travail hybride et de la visioconf\u00e9rence immersive. Les visiteurs pourront ainsi d\u00e9couvrir les derni\u00e8res innovations de Jabra, dont la \u00abPanaCast 40 VBS\u00bb, premi\u00e8re barre de visioconf\u00e9rence Android avec un champ de vision \u00e0 180 degr\u00e9s, con\u00e7ue pour optimiser l\u2019exp\u00e9rience des petites salles de r\u00e9union. \u00c9galement, les mises \u00e0 jour de la \u00abPanaCast 50 VBS\u00bb qui offrent davantage de flexibilit\u00e9 gr\u00e2ce \u00e0 un mode \u00abBYOD\u00bb permanent et une compatibilit\u00e9 \u00e9tendue avec les plateformes Microsoft. \u00c0 noter aussi la nouvelle fonctionnalit\u00e9 d\u2019appairage des \u00abSpeak2 75\u00bb, permettant de connecter deux enceintes pour une couverture audio optimis\u00e9e et une meilleure immersion sonore.<\/p>\n\n\n\n<p><strong><em>La visioconf\u00e9rence r\u00e9invent\u00e9e pour les petites salles<\/em><\/strong><\/p>\n\n\n\n<p>Avec l\u2019essor du travail hybride, les entreprises cherchent des solutions adapt\u00e9es aux espaces de collaboration plus compacts. La \u00abPanaCast 40 VBS\u00bb r\u00e9pond \u00e0 cette demande en offrant une exp\u00e9rience immersive, o\u00f9 chaque participant est parfaitement visible, gr\u00e2ce \u00e0 son double capteur vid\u00e9o et son champ de vision ultra-large.<\/p>\n\n\n\n<p>Cette barre de visioconf\u00e9rence tout-en-un int\u00e8gre un haut-parleur de haute qualit\u00e9 et six microphones directionnels, garantissant une captation vocale pr\u00e9cise et une restitution sonore claire. Son installation ultra-rapide, conforme aux standards de Microsoft Teams Express Install, facilite son d\u00e9ploiement dans les salles de r\u00e9union de petite taille sans n\u00e9cessiter d\u2019am\u00e9nagement complexe.<\/p>\n\n\n\n<p><strong><em>Une solution plus flexible et s\u00e9curis\u00e9e<\/em><\/strong><\/p>\n\n\n\n<p>D\u00e9j\u00e0 reconnue pour ses performances, la \u00abPanaCast 50 VBS\u00bb \u00e9volue avec de nouvelles mises \u00e0 jour visant \u00e0 offrir plus de souplesse aux entreprises. Parmi les am\u00e9liorations cl\u00e9s, la \u00abPanaCast 50 VBS\u00bb int\u00e8gre d\u00e9sormais un mode \u00abBYOD\u00bb permanent, permettant aux utilisateurs de connecter leur propre appareil et d\u2019organiser leurs r\u00e9unions en toute libert\u00e9 ; une compatibilit\u00e9 avec Microsoft Devices Ecosystem Platform (MDEP), renfor\u00e7ant la s\u00e9curit\u00e9 et les options de d\u00e9ploiement pour une int\u00e9gration fluide avec les outils Microsoft ; ainsi que la fonction \u00abIntelligent Meeting Space\u00bb, qui ajuste automatiquement les limites visuelles de la salle afin d\u2019optimiser le cadrage des participants et de minimiser les distractions externes. Ces avanc\u00e9es permettent aux organisations de s\u2019adapter aux nouveaux usages du travail hybride, tout en assurant une exp\u00e9rience vid\u00e9o de haute qualit\u00e9.<\/p>\n\n\n\n<p><strong><em>Son am\u00e9lior\u00e9 et collaboration plus fluide<\/em><\/strong><\/p>\n\n\n\n<p>Jabra enrichit \u00e9galement son offre audio avec une mise \u00e0 jour majeure du \u00abSpeak2 75\u00bb, son enceinte de conf\u00e9rence phare. D\u00e9sormais, il est possible d\u2019appairer deux appareils, offrant une couverture audio \u00e9tendue adapt\u00e9e aux salles de r\u00e9union de taille moyenne \u00e0 grande, une connexion Bluetooth active en permanence pour un usage simplifi\u00e9 et instantan\u00e9, ainsi qu\u2019un passage automatique entre les modes mono et st\u00e9r\u00e9o, garantissant un son clair et immersif selon le contexte d\u2019utilisation. Cette \u00e9volution am\u00e9liore la flexibilit\u00e9 des espaces de r\u00e9union, permettant aux \u00e9quipes de b\u00e9n\u00e9ficier d\u2019une qualit\u00e9 sonore optimale quel que soit leur emplacement dans la salle.<\/p>\n\n\n\n<p>En participant \u00e0 l\u2019un des plus grands \u00e9v\u00e9nements technologiques du continent, Jabra confirme son engagement \u00e0 accompagner la transformation num\u00e9rique en Afrique. Avec la mont\u00e9e en puissance du t\u00e9l\u00e9travail et des nouvelles pratiques collaboratives, les entreprises africaines sont \u00e0 la recherche de solutions intelligentes et efficaces pour optimiser leurs espaces de travail.<\/p>\n\n\n\n<p>\u00abLes exigences du travail hybride ne cessent d\u2019\u00e9voluer, et les entreprises doivent s\u2019\u00e9quiper d\u2019outils performants pour r\u00e9pondre \u00e0 ces nouveaux d\u00e9fis. Avec nos derni\u00e8res innovations, nous leur offrons des solutions qui allient qualit\u00e9, flexibilit\u00e9 et simplicit\u00e9 d\u2019utilisation. Nous sommes impatients d\u2019\u00e9changer avec les acteurs du march\u00e9 africain lors du Gitex Africa 2025\u00bb, d\u00e9clare Jean-Baptiste Pain, Managing Director et Vice President South Europe &amp; North West Africa chez Jabra.<\/p>\n\n\n\n<p><strong><em>\u00c0 propos de Jabra<\/em><\/strong><\/p>\n\n\n\n<p>Jabra est un leader mondial dans les solutions audio, vid\u00e9o et de collaboration, offrant des produits qui permettent aux entreprises de mieux interagir. L\u2019entreprise fait partie du groupe GN avec plus de 150 ans d\u2019innovations. L&#8217;excellence de son ing\u00e9nierie lui permet de cr\u00e9er des outils int\u00e9gr\u00e9s pour les centres de contact, les environnements de bureaux et les solutions de collaboration, afin d\u2019am\u00e9liorer la productivit\u00e9 des professionnels, peu importe o\u00f9 ils se trouvent. Fond\u00e9 au Danemark en 1869, le groupe GN compte plus de 7.000 employ\u00e9s et est cot\u00e9 au Nasdaq de Copenhague. Ses solutions sont distribu\u00e9es dans 100 pays \u00e0 travers le monde.<\/p>\n","protected":false},"excerpt":{"rendered":"<p>Jabra, entreprise danoise et leader mondial des solutions audio et vid\u00e9o professionnelles, participera au Gitex Africa 2025, qui se tiendra du 14 au 16 avril \u00e0 Marrakech. \u00c0 travers cette pr\u00e9sence strat\u00e9gique, l\u2019entreprise r\u00e9affirme son engagement envers le march\u00e9 africain et son ambition d\u2019accompagner les organisations dans l\u2019adoption de solutions de collaboration plus intelligentes, flexibles &hellip;<\/p>\n","protected":false},"author":9,"featured_media":34723,"comment_status":"open","ping_status":"closed","sticky":false,"template":"","format":"standard","meta":{"footnotes":""},"categories":[60],"tags":[],"class_list":["post-34739","post","type-post","status-publish","format-standard","has-post-thumbnail","hentry","category-salon"],"_links":{"self":[{"href":"https:\/\/letempsmag.ma\/index.php?rest_route=\/wp\/v2\/posts\/34739","targetHints":{"allow":["GET"]}}],"collection":[{"href":"https:\/\/letempsmag.ma\/index.php?rest_route=\/wp\/v2\/posts"}],"about":[{"href":"https:\/\/letempsmag.ma\/index.php?rest_route=\/wp\/v2\/types\/post"}],"author":[{"embeddable":true,"href":"https:\/\/letempsmag.ma\/index.php?rest_route=\/wp\/v2\/users\/9"}],"replies":[{"embeddable":true,"href":"https:\/\/letempsmag.ma\/index.php?rest_route=%2Fwp%2Fv2%2Fcomments&post=34739"}],"version-history":[{"count":1,"href":"https:\/\/letempsmag.ma\/index.php?rest_route=\/wp\/v2\/posts\/34739\/revisions"}],"predecessor-version":[{"id":34740,"href":"https:\/\/letempsmag.ma\/index.php?rest_route=\/wp\/v2\/posts\/34739\/revisions\/34740"}],"wp:featuredmedia":[{"embeddable":true,"href":"https:\/\/letempsmag.ma\/index.php?rest_route=\/wp\/v2\/media\/34723"}],"wp:attachment":[{"href":"https:\/\/letempsmag.ma\/index.php?rest_route=%2Fwp%2Fv2%2Fmedia&parent=34739"}],"wp:term":[{"taxonomy":"category","embeddable":true,"href":"https:\/\/letempsmag.ma\/index.php?rest_route=%2Fwp%2Fv2%2Fcategories&post=34739"},{"taxonomy":"post_tag","embeddable":true,"href":"https:\/\/letempsmag.ma\/index.php?rest_route=%2Fwp%2Fv2%2Ftags&post=34739"}],"curies":[{"name":"wp","href":"https:\/\/api.w.org\/{rel}","templated":true}]}}