{"id":34716,"date":"2025-04-08T11:34:20","date_gmt":"2025-04-08T10:34:20","guid":{"rendered":"https:\/\/letempsmag.ma\/?p=34716"},"modified":"2025-04-08T11:34:20","modified_gmt":"2025-04-08T10:34:20","slug":"la-pension-de-vieillesse-sera-servie-par-la-cnss-a-partir-du-1er-mai-prochain","status":"publish","type":"post","link":"https:\/\/letempsmag.ma\/?p=34716","title":{"rendered":"La pension de vieillesse sera servie par la CNSS \u00e0 partir du 1er mai prochain"},"content":{"rendered":"\n<p>La pension de vieillesse sera mise en \u0153uvre \u00e0 partir du 1er mai prochain avec effet r\u00e9troactif \u00e0 compter de la date de mise \u00e0 la retraite. C\u2019est ce qu\u2019a annonc\u00e9 hier la Caisse Nationale de S\u00e9curit\u00e9 Sociale (CNSS).<\/p>\n\n\n\n<p>\u00abLa CNSS informe le public qu&#8217;\u00e0 partir du 1er mai 2025, et en application des dispositions du d\u00e9cret \u00ab2.25.265\u00bb, les personnes mises \u00e0 la retraite durant la p\u00e9riode allant du premier janvier 2023 \u00e0 la date d\u2019entr\u00e9e en vigueur de la loi \u00ab02.24\u00bb, justifiant de 1.320 jours d\u2019assurance et moins de 3.240 jours d\u2019assurance, b\u00e9n\u00e9ficient, avec effet r\u00e9troactif \u00e0 compter de la date de mise \u00e0 la retraite, de la pension de vieillesse\u00bb, souligne un communiqu\u00e9 de la CNSS.<\/p>\n\n\n\n<p>Le montant minimum de la pension de vieillesse est fix\u00e9 en fonction du nombre de jours d\u2019assurance cumul\u00e9s par chaque assur\u00e9, notant qu&#8217;il variera entre 600 DH et 1.000 DH et inclura \u00e9galement la couverture de l\u2019Assurance Maladie Obligatoire (AMO). En cas de d\u00e9c\u00e8s de l&#8217;assur\u00e9 ayant cumul\u00e9 au moins 1. 320 jours d&#8217;assurance, ses ayant-droits pourront demander \u00e0 b\u00e9n\u00e9ficier d&#8217;une pension de survivant, pr\u00e9cise la CNSS.<\/p>\n\n\n\n<p>Si l&#8217;assur\u00e9 ne remplit pas le nombre minimum de jours d&#8217;assurance requis pour b\u00e9n\u00e9ficier d&#8217;une pension de vieillesse (soit 1.320 jours de cotisation), lui ou ses ayant-droits, en cas de d\u00e9c\u00e8s, pourront demander le remboursement de ses cotisations et de celles de son employeur, conform\u00e9ment aux dispositions l\u00e9gales en vigueur. Par cons\u00e9quent, pr\u00e9cise la m\u00eame source, les personnes concern\u00e9es pourront d\u00e9poser leurs demandes via le portail \u00abTaawidati\u00bb ou les soumettre \u00e0 l&#8217;agence CNSS la plus proche, \u00e0 partir du 1er mai 2025.<\/p>\n\n\n\n<p>Par ailleurs et en application des dispositions du d\u00e9cret \u00ab2.25.266\u00bb, et afin de permettre aux marins p\u00eacheurs \u00e0 la part et \u00e0 leurs ayants droit de b\u00e9n\u00e9ficier d&#8217;une couverture sociale et m\u00e9dicale tout au long de l&#8217;ann\u00e9e, les crit\u00e8res et modalit\u00e9s de calcul de leurs jours de cotisation au titre du r\u00e9gime de s\u00e9curit\u00e9 sociale, ainsi que les modalit\u00e9s de redistribution des revenus globaux des navires de p\u00eache \u00e0 la part, seront d\u00e9finis par une d\u00e9cision de la Ministre de l\u2019\u00c9conomie et des Finances, fait savoir la CNSS.<\/p>\n\n\n\n<p>Le d\u00e9cret \u00ab2.25.265\u00bb relatif \u00e0 la pension de vieillesse et au remboursement des cotisations, ainsi que le d\u00e9cret \u00ab2.25.266\u00bb relatif au lissage des revenus des marins p\u00eacheurs \u00e0 la part avaient \u00e9t\u00e9 approuv\u00e9s jeudi dernier en Conseil du gouvernement.<\/p>\n","protected":false},"excerpt":{"rendered":"<p>La pension de vieillesse sera mise en \u0153uvre \u00e0 partir du 1er mai prochain avec effet r\u00e9troactif \u00e0 compter de la date de mise \u00e0 la retraite. C\u2019est ce qu\u2019a annonc\u00e9 hier la Caisse Nationale de S\u00e9curit\u00e9 Sociale (CNSS). \u00abLa CNSS informe le public qu&#8217;\u00e0 partir du 1er mai 2025, et en application des dispositions &hellip;<\/p>\n","protected":false},"author":9,"featured_media":34705,"comment_status":"open","ping_status":"closed","sticky":false,"template":"","format":"standard","meta":{"footnotes":""},"categories":[930],"tags":[],"class_list":["post-34716","post","type-post","status-publish","format-standard","has-post-thumbnail","hentry","category-prevoyance-sociale"],"_links":{"self":[{"href":"https:\/\/letempsmag.ma\/index.php?rest_route=\/wp\/v2\/posts\/34716","targetHints":{"allow":["GET"]}}],"collection":[{"href":"https:\/\/letempsmag.ma\/index.php?rest_route=\/wp\/v2\/posts"}],"about":[{"href":"https:\/\/letempsmag.ma\/index.php?rest_route=\/wp\/v2\/types\/post"}],"author":[{"embeddable":true,"href":"https:\/\/letempsmag.ma\/index.php?rest_route=\/wp\/v2\/users\/9"}],"replies":[{"embeddable":true,"href":"https:\/\/letempsmag.ma\/index.php?rest_route=%2Fwp%2Fv2%2Fcomments&post=34716"}],"version-history":[{"count":1,"href":"https:\/\/letempsmag.ma\/index.php?rest_route=\/wp\/v2\/posts\/34716\/revisions"}],"predecessor-version":[{"id":34717,"href":"https:\/\/letempsmag.ma\/index.php?rest_route=\/wp\/v2\/posts\/34716\/revisions\/34717"}],"wp:featuredmedia":[{"embeddable":true,"href":"https:\/\/letempsmag.ma\/index.php?rest_route=\/wp\/v2\/media\/34705"}],"wp:attachment":[{"href":"https:\/\/letempsmag.ma\/index.php?rest_route=%2Fwp%2Fv2%2Fmedia&parent=34716"}],"wp:term":[{"taxonomy":"category","embeddable":true,"href":"https:\/\/letempsmag.ma\/index.php?rest_route=%2Fwp%2Fv2%2Fcategories&post=34716"},{"taxonomy":"post_tag","embeddable":true,"href":"https:\/\/letempsmag.ma\/index.php?rest_route=%2Fwp%2Fv2%2Ftags&post=34716"}],"curies":[{"name":"wp","href":"https:\/\/api.w.org\/{rel}","templated":true}]}}