{"id":34695,"date":"2025-04-07T10:45:44","date_gmt":"2025-04-07T09:45:44","guid":{"rendered":"https:\/\/letempsmag.ma\/?p=34695"},"modified":"2025-04-07T10:45:44","modified_gmt":"2025-04-07T09:45:44","slug":"le-conseil-de-gouvernement-adopte-un-projet-de-decret-relatif-aux-pensions-dinvalidite-ou-de-vieillesse","status":"publish","type":"post","link":"https:\/\/letempsmag.ma\/?p=34695","title":{"rendered":"Le Conseil de gouvernement adopte un projet de d\u00e9cret relatif aux pensions d&#8217;invalidit\u00e9 ou de vieillesse"},"content":{"rendered":"\n<p>Le Conseil de gouvernement, r\u00e9uni jeudi dernier, a adopt\u00e9 un projet de D\u00e9cret relatif aux pensions d&#8217;invalidit\u00e9 ou de vieillesse vers\u00e9es par la Caisse Nationale de S\u00e9curit\u00e9 Sociale (CNSS). Pr\u00e9sent\u00e9 par la Ministre de l&#8217;\u00c9conomie et des Finances, Nadia Fettah, le texte (\u00ab2.25.265\u00bb) s\u2019inscrit dans le cadre des engagements gouvernementaux envers les partenaires sociaux, tels qu\u2019annonc\u00e9s dans l\u2019accord sign\u00e9 le 30 avril 2022 entre l\u2019Ex\u00e9cutif et les centrales syndicales les plus repr\u00e9sentatives, dans le cadre du dialogue social.<\/p>\n\n\n\n<p>Une de ses dispositions les plus importantes est de permettre aux assur\u00e9s disposant d\u2019au moins 1.320 jours de cotisations d\u2019assurance de b\u00e9n\u00e9ficier d\u2019une pension de vieillesse, fait savoir le Ministre charg\u00e9 des Relations avec le Parlement et Porte-parole du gouvernement, Mustapha Baitas.<\/p>\n\n\n\n<p>Ce projet de D\u00e9cret d\u00e9termine, entre autres, le montant minimum des pensions d&#8217;invalidit\u00e9 ou de vieillesse servies par la CNSS, conform\u00e9ment aux dispositions de la loi \u00ab18.96\u00bb instituant un montant minimum pour ces pensions.<\/p>\n","protected":false},"excerpt":{"rendered":"<p>Le Conseil de gouvernement, r\u00e9uni jeudi dernier, a adopt\u00e9 un projet de D\u00e9cret relatif aux pensions d&#8217;invalidit\u00e9 ou de vieillesse vers\u00e9es par la Caisse Nationale de S\u00e9curit\u00e9 Sociale (CNSS). Pr\u00e9sent\u00e9 par la Ministre de l&#8217;\u00c9conomie et des Finances, Nadia Fettah, le texte (\u00ab2.25.265\u00bb) s\u2019inscrit dans le cadre des engagements gouvernementaux envers les partenaires sociaux, tels &hellip;<\/p>\n","protected":false},"author":9,"featured_media":34676,"comment_status":"open","ping_status":"closed","sticky":false,"template":"","format":"standard","meta":{"footnotes":""},"categories":[930],"tags":[],"class_list":["post-34695","post","type-post","status-publish","format-standard","has-post-thumbnail","hentry","category-prevoyance-sociale"],"_links":{"self":[{"href":"https:\/\/letempsmag.ma\/index.php?rest_route=\/wp\/v2\/posts\/34695","targetHints":{"allow":["GET"]}}],"collection":[{"href":"https:\/\/letempsmag.ma\/index.php?rest_route=\/wp\/v2\/posts"}],"about":[{"href":"https:\/\/letempsmag.ma\/index.php?rest_route=\/wp\/v2\/types\/post"}],"author":[{"embeddable":true,"href":"https:\/\/letempsmag.ma\/index.php?rest_route=\/wp\/v2\/users\/9"}],"replies":[{"embeddable":true,"href":"https:\/\/letempsmag.ma\/index.php?rest_route=%2Fwp%2Fv2%2Fcomments&post=34695"}],"version-history":[{"count":1,"href":"https:\/\/letempsmag.ma\/index.php?rest_route=\/wp\/v2\/posts\/34695\/revisions"}],"predecessor-version":[{"id":34696,"href":"https:\/\/letempsmag.ma\/index.php?rest_route=\/wp\/v2\/posts\/34695\/revisions\/34696"}],"wp:featuredmedia":[{"embeddable":true,"href":"https:\/\/letempsmag.ma\/index.php?rest_route=\/wp\/v2\/media\/34676"}],"wp:attachment":[{"href":"https:\/\/letempsmag.ma\/index.php?rest_route=%2Fwp%2Fv2%2Fmedia&parent=34695"}],"wp:term":[{"taxonomy":"category","embeddable":true,"href":"https:\/\/letempsmag.ma\/index.php?rest_route=%2Fwp%2Fv2%2Fcategories&post=34695"},{"taxonomy":"post_tag","embeddable":true,"href":"https:\/\/letempsmag.ma\/index.php?rest_route=%2Fwp%2Fv2%2Ftags&post=34695"}],"curies":[{"name":"wp","href":"https:\/\/api.w.org\/{rel}","templated":true}]}}