{"id":34691,"date":"2025-04-07T10:44:11","date_gmt":"2025-04-07T09:44:11","guid":{"rendered":"https:\/\/letempsmag.ma\/?p=34691"},"modified":"2025-04-07T10:44:11","modified_gmt":"2025-04-07T09:44:11","slug":"le-maroc-en-fete-a-paris-la-place-saint-michel-aux-couleurs-du-royaume","status":"publish","type":"post","link":"https:\/\/letempsmag.ma\/?p=34691","title":{"rendered":"Le Maroc en f\u00eate \u00e0 Paris, la Place Saint-Michel aux couleurs du Royaume"},"content":{"rendered":"\n<p>La Place Saint-Michel, c\u0153ur battant du Quartier Latin \u00e0 Paris, a \u00e9t\u00e9 envahie vendredi dernier par les sons, les parfums et les couleurs du Maroc \u00e0 l\u2019occasion du lancement des \u00abJourn\u00e9es Culturelles Marocaines\u00bb, une semaine festive qui transporte les visiteurs dans l\u2019univers chatoyant du Royaume.<\/p>\n\n\n\n<p>Initi\u00e9e par le Consulat g\u00e9n\u00e9ral du Maroc \u00e0 Paris, en partenariat avec la Mairie du 6<sup>\u00e8me<\/sup> Arrondissement de la capitale fran\u00e7aise, cette manifestation transforme jusqu\u2019au 13 avril courant l\u2019embl\u00e9matique place parisienne en un v\u00e9ritable village marocain. Entre \u00e9choppes d\u2019artisanat, senteurs d\u2019\u00e9pices, d\u00e9monstrations de savoir-faire ancestral et d\u00e9gustations de mets traditionnels, c\u2019est toute la richesse du patrimoine culturel marocain qui s\u2019offre aux milliers de curieux, touristes ou Parisiens de passage.<\/p>\n\n\n\n<p>Le coup d\u2019envoi officiel de cet \u00e9v\u00e9nement a \u00e9t\u00e9 donn\u00e9 en musique par Samira Sita\u00efl, Ambassadrice du Maroc en France, accompagn\u00e9e de Nada Bakkali Hassani, Consule G\u00e9n\u00e9rale du Maroc \u00e0 Paris, et du Maire du 6<sup>\u00e8me<\/sup> Arrondissement parisien, Jean-Pierre Lecoq. Vibrante et patriotique, la c\u00e9r\u00e9monie d\u2019ouverture a rassembl\u00e9 une foule enthousiaste, notamment issue de la communaut\u00e9 marocaine de France.<\/p>\n\n\n\n<p>\u00abIl y a une ambiance formidable au c\u0153ur du quartier latin, avec des milliers de Marocains venus c\u00e9l\u00e9brer leur identit\u00e9, leur diversit\u00e9 et la relation franco- marocaine\u00bb, a d\u00e9clar\u00e9 Samira Sitail, visiblement \u00e9mue de voir le patrimoine national mis \u00e0 l\u2019honneur au c\u0153ur de la capitale fran\u00e7aise.<\/p>\n\n\n\n<p>Entre Zellije, tapis, orf\u00e8vrerie et autres arts traditionnels, les visiteurs d\u00e9couvrent un aper\u00e7u vivant des tr\u00e9sors du Maroc, dans une atmosph\u00e8re chaleureuse et conviviale. Plusieurs Associations venues directement du Maroc participent \u00e0 l\u2019\u00e9v\u00e9nement aux c\u00f4t\u00e9s de nombreux Marocains install\u00e9s en France, unis pour c\u00e9l\u00e9brer leur culture. \u00abC\u2019est une communaut\u00e9 qui tient \u00e0 ses racines et \u00e0 sa marocanit\u00e9\u00bb, a soulign\u00e9 la Consule G\u00e9n\u00e9rale du Maroc \u00e0 Paris.<\/p>\n\n\n\n<p>Pour le Maire Jean-Pierre Lecoq, cette initiative symbolise \u00abune amiti\u00e9 de longue date entre la France et le Maroc, qui conna\u00eet aujourd\u2019hui un nouveau souffle\u00bb. Il a aussi annonc\u00e9 l\u2019ouverture prochaine du Centre Culturel Marocain sur le boulevard Saint-Michel, tout pr\u00e8s du lieu de ces festivit\u00e9s.<\/p>\n\n\n\n<p><strong>L. F.<\/strong><\/p>\n","protected":false},"excerpt":{"rendered":"<p>La Place Saint-Michel, c\u0153ur battant du Quartier Latin \u00e0 Paris, a \u00e9t\u00e9 envahie vendredi dernier par les sons, les parfums et les couleurs du Maroc \u00e0 l\u2019occasion du lancement des \u00abJourn\u00e9es Culturelles Marocaines\u00bb, une semaine festive qui transporte les visiteurs dans l\u2019univers chatoyant du Royaume. Initi\u00e9e par le Consulat g\u00e9n\u00e9ral du Maroc \u00e0 Paris, en &hellip;<\/p>\n","protected":false},"author":9,"featured_media":34681,"comment_status":"open","ping_status":"closed","sticky":false,"template":"","format":"standard","meta":{"footnotes":""},"categories":[56],"tags":[],"class_list":["post-34691","post","type-post","status-publish","format-standard","has-post-thumbnail","hentry","category-patrimoine"],"_links":{"self":[{"href":"https:\/\/letempsmag.ma\/index.php?rest_route=\/wp\/v2\/posts\/34691","targetHints":{"allow":["GET"]}}],"collection":[{"href":"https:\/\/letempsmag.ma\/index.php?rest_route=\/wp\/v2\/posts"}],"about":[{"href":"https:\/\/letempsmag.ma\/index.php?rest_route=\/wp\/v2\/types\/post"}],"author":[{"embeddable":true,"href":"https:\/\/letempsmag.ma\/index.php?rest_route=\/wp\/v2\/users\/9"}],"replies":[{"embeddable":true,"href":"https:\/\/letempsmag.ma\/index.php?rest_route=%2Fwp%2Fv2%2Fcomments&post=34691"}],"version-history":[{"count":1,"href":"https:\/\/letempsmag.ma\/index.php?rest_route=\/wp\/v2\/posts\/34691\/revisions"}],"predecessor-version":[{"id":34692,"href":"https:\/\/letempsmag.ma\/index.php?rest_route=\/wp\/v2\/posts\/34691\/revisions\/34692"}],"wp:featuredmedia":[{"embeddable":true,"href":"https:\/\/letempsmag.ma\/index.php?rest_route=\/wp\/v2\/media\/34681"}],"wp:attachment":[{"href":"https:\/\/letempsmag.ma\/index.php?rest_route=%2Fwp%2Fv2%2Fmedia&parent=34691"}],"wp:term":[{"taxonomy":"category","embeddable":true,"href":"https:\/\/letempsmag.ma\/index.php?rest_route=%2Fwp%2Fv2%2Fcategories&post=34691"},{"taxonomy":"post_tag","embeddable":true,"href":"https:\/\/letempsmag.ma\/index.php?rest_route=%2Fwp%2Fv2%2Ftags&post=34691"}],"curies":[{"name":"wp","href":"https:\/\/api.w.org\/{rel}","templated":true}]}}