{"id":3449,"date":"2021-05-28T09:15:43","date_gmt":"2021-05-28T09:15:43","guid":{"rendered":"https:\/\/letempsmag.ma\/?p=3449"},"modified":"2021-05-28T09:22:28","modified_gmt":"2021-05-28T09:22:28","slug":"la-france-veut-accompagner-le-maroc-dans-la-mise-en-oeuvre-de-son-nouveau-modele-de-developpement","status":"publish","type":"post","link":"https:\/\/letempsmag.ma\/?p=3449","title":{"rendered":"La France veut accompagner le Maroc dans la mise en \u0153uvre de son nouveau mod\u00e8le de d\u00e9veloppement"},"content":{"rendered":"\n<p>La France a exprim\u00e9, hier jeudi, sa disposition \u00e0 accompagner le Maroc dans la mise en \u0153uvre de son nouveau mod\u00e8le de d\u00e9veloppement. \u00abNous avons pris connaissance avec un grand int\u00e9r\u00eat du rapport sur le Nouveau Mod\u00e8le de D\u00e9veloppement, produit par la Commission Sp\u00e9ciale sur le Nouveau Mod\u00e8le de D\u00e9veloppement, nomm\u00e9e par S.M. le Roi Mohammed VI\u00bb, a d\u00e9clar\u00e9 la Porte-parole du Quai d\u2019Orsay dans une d\u00e9claration \u00e0 la MAP. \u00abLa France et le Maroc entretiennent une relation ancr\u00e9e dans l\u2019histoire, marqu\u00e9e par l\u2019amiti\u00e9 et par un partenariat d\u2019exception. Cette relation se traduit par une volont\u00e9 commune de renforcer la coop\u00e9ration bilat\u00e9rale dans tous les domaines\u00bb, a soulign\u00e9 la Porte-parole, ajoutant que \u00able Maroc est d\u2019ores et d\u00e9j\u00e0 la premi\u00e8re destination des investissements fran\u00e7ais sur le continent africain, avec plus de 950 filiales d\u2019entreprises fran\u00e7aises g\u00e9n\u00e9rant plus de 100.000 emplois\u00bb.<\/p>\n\n\n\n<p>Le Maroc est le premier b\u00e9n\u00e9ficiaire des financements de l\u2019Agence Fran\u00e7aise de D\u00e9veloppement (AFD) dans le monde, a soulign\u00e9 la m\u00eame source. Dans ce cadre, \u00abla France se tient \u00e0 la disposition du Maroc pour l\u2019accompagner dans la mise en \u0153uvre de ce nouveau mod\u00e8le de d\u00e9veloppement\u00bb.<\/p>\n\n\n\n<p>Le rapport g\u00e9n\u00e9ral de la Commission Sp\u00e9ciale sur le Mod\u00e8le de D\u00e9veloppement a \u00e9t\u00e9 pr\u00e9sent\u00e9 mardi dernier au Souverain. Ce nouveau mod\u00e8le se base sur une ambition nationale de propulser le Maroc, sur diff\u00e9rents domaines, d\u2019ici \u00e0 2035, dans le tiers sup\u00e9rieur des diff\u00e9rents classements mondiaux des nations.<\/p>\n\n\n\n<p><strong>A. A.<\/strong><\/p>\n","protected":false},"excerpt":{"rendered":"<p>La France a exprim\u00e9, hier jeudi, sa disposition \u00e0 accompagner le Maroc dans la mise en \u0153uvre de son nouveau mod\u00e8le de d\u00e9veloppement. \u00abNous avons pris connaissance avec un grand int\u00e9r\u00eat du rapport sur le Nouveau Mod\u00e8le de D\u00e9veloppement, produit par la Commission Sp\u00e9ciale sur le Nouveau Mod\u00e8le de D\u00e9veloppement, nomm\u00e9e par S.M. le Roi &hellip;<\/p>\n","protected":false},"author":9,"featured_media":3456,"comment_status":"open","ping_status":"closed","sticky":false,"template":"","format":"standard","meta":{"footnotes":""},"categories":[203],"tags":[],"class_list":["post-3449","post","type-post","status-publish","format-standard","has-post-thumbnail","hentry","category-cooperation"],"_links":{"self":[{"href":"https:\/\/letempsmag.ma\/index.php?rest_route=\/wp\/v2\/posts\/3449","targetHints":{"allow":["GET"]}}],"collection":[{"href":"https:\/\/letempsmag.ma\/index.php?rest_route=\/wp\/v2\/posts"}],"about":[{"href":"https:\/\/letempsmag.ma\/index.php?rest_route=\/wp\/v2\/types\/post"}],"author":[{"embeddable":true,"href":"https:\/\/letempsmag.ma\/index.php?rest_route=\/wp\/v2\/users\/9"}],"replies":[{"embeddable":true,"href":"https:\/\/letempsmag.ma\/index.php?rest_route=%2Fwp%2Fv2%2Fcomments&post=3449"}],"version-history":[{"count":1,"href":"https:\/\/letempsmag.ma\/index.php?rest_route=\/wp\/v2\/posts\/3449\/revisions"}],"predecessor-version":[{"id":3451,"href":"https:\/\/letempsmag.ma\/index.php?rest_route=\/wp\/v2\/posts\/3449\/revisions\/3451"}],"wp:featuredmedia":[{"embeddable":true,"href":"https:\/\/letempsmag.ma\/index.php?rest_route=\/wp\/v2\/media\/3456"}],"wp:attachment":[{"href":"https:\/\/letempsmag.ma\/index.php?rest_route=%2Fwp%2Fv2%2Fmedia&parent=3449"}],"wp:term":[{"taxonomy":"category","embeddable":true,"href":"https:\/\/letempsmag.ma\/index.php?rest_route=%2Fwp%2Fv2%2Fcategories&post=3449"},{"taxonomy":"post_tag","embeddable":true,"href":"https:\/\/letempsmag.ma\/index.php?rest_route=%2Fwp%2Fv2%2Ftags&post=3449"}],"curies":[{"name":"wp","href":"https:\/\/api.w.org\/{rel}","templated":true}]}}