{"id":34422,"date":"2025-03-24T15:46:54","date_gmt":"2025-03-24T14:46:54","guid":{"rendered":"https:\/\/letempsmag.ma\/?p=34422"},"modified":"2025-03-24T15:46:54","modified_gmt":"2025-03-24T14:46:54","slug":"la-banque-mondiale-approuve-une-enveloppe-sociale-de-600-millions-de-dollars-pour-le-maroc","status":"publish","type":"post","link":"https:\/\/letempsmag.ma\/?p=34422","title":{"rendered":"La Banque Mondiale approuve une enveloppe sociale de 600 millions de dollars pour le Maroc"},"content":{"rendered":"\n<p>Le Conseil d\u2019Administration de la Banque Mondiale a approuv\u00e9 r\u00e9cemment un financement de 600\u202fmillions de dollars (environ 4,8 milliards de DH) pour la troisi\u00e8me phase du programme de renforcement du Capital humain pour un Maroc r\u00e9silient. Cette troisi\u00e8me et derni\u00e8re op\u00e9ration vise \u00e0 soutenir la r\u00e9silience du Royaume face aux risques sanitaires, \u00e0 am\u00e9liorer le capital humain durant l\u2019enfance, \u00e0 r\u00e9duire la pauvret\u00e9 des personnes \u00e2g\u00e9es et \u00e0 renforcer la gestion des risques climatiques.<\/p>\n\n\n\n<p>Depuis 2020, le Maroc est confront\u00e9 \u00e0 de multiples d\u00e9fis, notamment la pand\u00e9mie du \u00abCovid-19\u00bb, les fluctuations des prix des mati\u00e8res premi\u00e8res, l\u2019inflation, un s\u00e9isme d\u00e9vastateur et des s\u00e9cheresses prolong\u00e9es. En r\u00e9ponse, le pays a engag\u00e9 des r\u00e9formes ambitieuses, guid\u00e9es par le Nouveau Mod\u00e8le de D\u00e9veloppement, afin de favoriser une croissance plus forte et \u00e9quitable. Cette initiative appuie les r\u00e9formes nationales du Maroc visant \u00e0 \u00e9tendre l\u2019assurance maladie obligatoire et la couverture maladie gratuite pour les populations vuln\u00e9rables, la refonte des services de sant\u00e9, la mise en place d\u2019un programme d\u2019aide sociale directe, l\u2019extension d\u2019une couverture retraite durable et le renforcement de la protection contre les chocs climatiques.<\/p>\n\n\n\n<p>Les deux premi\u00e8res op\u00e9rations de financement, approuv\u00e9es en juin 2022 et d\u00e9cembre 2023, ont permis d\u2019accompagner d\u2019importants changements l\u00e9gislatifs, notamment la g\u00e9n\u00e9ralisation de l\u2019assurance maladie obligatoire et le lancement d\u2019un programme complet d\u2019aide sociale. Cette troisi\u00e8me op\u00e9ration vise \u00e0 consolider ces avanc\u00e9es en renfor\u00e7ant la gouvernance, en pr\u00e9cisant la mise en \u0153uvre des transferts mon\u00e9taires et des r\u00e9gimes de retraite, et en am\u00e9liorant l\u2019efficacit\u00e9 de la gestion des risques de catastrophe.<\/p>\n\n\n\n<p>Le Maroc progresse sur la voie de la couverture sanitaire universelle en mettant en \u0153uvre des r\u00e9formes destin\u00e9es \u00e0 renforcer la protection contre les risques sanitaires (et ce, gr\u00e2ce \u00e0 une couverture accrue de l\u2019assurance maladie), \u00e9tendre l\u2019assurance maladie, en modernisant l\u2019offre de soins et en assurant une r\u00e9partition plus \u00e9quitable des professionnels de sant\u00e9. Le gouvernement ambitionne d\u2019assurer la couverture de l\u2019ensemble de la population dans le cadre d\u2019un r\u00e9gime d\u2019assurance maladie unifi\u00e9, g\u00e9r\u00e9 par la Caisse Nationale de S\u00e9curit\u00e9 Sociale (CNSS). Malgr\u00e9 des progr\u00e8s significatifs, avec une couverture effective atteignant d\u00e9sormais 75% de la population, des d\u00e9fis persistent, notamment pour les travailleurs non salari\u00e9s.<\/p>\n\n\n\n<p>Le Programme d\u2019aides sociales directes, soutenu par la nouvelle Agence Nationale du Soutien Social (ANSS), ciblera jusqu\u2019\u00e0 60% de la population non couverte par d\u2019autres r\u00e9gimes d\u2019allocations familiales.<\/p>\n\n\n\n<p>\u00abCette initiative, qui s\u2019inscrit dans la lign\u00e9e des deux op\u00e9rations pr\u00e9c\u00e9dentes, vise \u00e0 renforcer le syst\u00e8me de protection sociale du Maroc. Aujourd\u2019hui, ce syst\u00e8me permet d\u00e9j\u00e0 \u00e0 environ 75% de la population d\u2019acc\u00e9der \u00e0 des soins de sant\u00e9 plus abordables et \u00e0 plus de 40% des m\u00e9nages de b\u00e9n\u00e9ficier de transferts mon\u00e9taires\u00bb, souligne Ahmadou Moustapha Ndiaye, Directeur de la Division Maghreb et Malte de la Banque Mondiale. \u00abCes r\u00e9formes sont con\u00e7ues pour rendre le syst\u00e8me plus complet, plus \u00e9quitable et plus efficace, en particulier, au profit des populations les plus vuln\u00e9rables aux al\u00e9as climatiques, notamment les agriculteurs\u00bb, poursuit-il.<\/p>\n","protected":false},"excerpt":{"rendered":"<p>Le Conseil d\u2019Administration de la Banque Mondiale a approuv\u00e9 r\u00e9cemment un financement de 600\u202fmillions de dollars (environ 4,8 milliards de DH) pour la troisi\u00e8me phase du programme de renforcement du Capital humain pour un Maroc r\u00e9silient. Cette troisi\u00e8me et derni\u00e8re op\u00e9ration vise \u00e0 soutenir la r\u00e9silience du Royaume face aux risques sanitaires, \u00e0 am\u00e9liorer le &hellip;<\/p>\n","protected":false},"author":9,"featured_media":34414,"comment_status":"open","ping_status":"closed","sticky":false,"template":"","format":"standard","meta":{"footnotes":""},"categories":[270],"tags":[],"class_list":["post-34422","post","type-post","status-publish","format-standard","has-post-thumbnail","hentry","category-capital-humain"],"_links":{"self":[{"href":"https:\/\/letempsmag.ma\/index.php?rest_route=\/wp\/v2\/posts\/34422","targetHints":{"allow":["GET"]}}],"collection":[{"href":"https:\/\/letempsmag.ma\/index.php?rest_route=\/wp\/v2\/posts"}],"about":[{"href":"https:\/\/letempsmag.ma\/index.php?rest_route=\/wp\/v2\/types\/post"}],"author":[{"embeddable":true,"href":"https:\/\/letempsmag.ma\/index.php?rest_route=\/wp\/v2\/users\/9"}],"replies":[{"embeddable":true,"href":"https:\/\/letempsmag.ma\/index.php?rest_route=%2Fwp%2Fv2%2Fcomments&post=34422"}],"version-history":[{"count":1,"href":"https:\/\/letempsmag.ma\/index.php?rest_route=\/wp\/v2\/posts\/34422\/revisions"}],"predecessor-version":[{"id":34423,"href":"https:\/\/letempsmag.ma\/index.php?rest_route=\/wp\/v2\/posts\/34422\/revisions\/34423"}],"wp:featuredmedia":[{"embeddable":true,"href":"https:\/\/letempsmag.ma\/index.php?rest_route=\/wp\/v2\/media\/34414"}],"wp:attachment":[{"href":"https:\/\/letempsmag.ma\/index.php?rest_route=%2Fwp%2Fv2%2Fmedia&parent=34422"}],"wp:term":[{"taxonomy":"category","embeddable":true,"href":"https:\/\/letempsmag.ma\/index.php?rest_route=%2Fwp%2Fv2%2Fcategories&post=34422"},{"taxonomy":"post_tag","embeddable":true,"href":"https:\/\/letempsmag.ma\/index.php?rest_route=%2Fwp%2Fv2%2Ftags&post=34422"}],"curies":[{"name":"wp","href":"https:\/\/api.w.org\/{rel}","templated":true}]}}