{"id":34337,"date":"2025-03-19T10:14:00","date_gmt":"2025-03-19T09:14:00","guid":{"rendered":"https:\/\/letempsmag.ma\/?p=34337"},"modified":"2025-03-19T10:14:00","modified_gmt":"2025-03-19T09:14:00","slug":"sos-village-denfants-dar-bouazza-celebre-25-ans-dengagement-admirable","status":"publish","type":"post","link":"https:\/\/letempsmag.ma\/?p=34337","title":{"rendered":"SOS Village d&#8217;Enfants Dar Bou\u00e2zza c\u00e9l\u00e8bre 25 ans d\u2019engagement admirable"},"content":{"rendered":"\n<p>SOS Villages d\u2019Enfants Maroc a c\u00e9l\u00e9br\u00e9, le 14 mars dernier, le 25<sup>\u00e8me<\/sup> anniversaire de son Village de Dar Bou\u00e2zza (banlieue de Casablanca). Cet anniversaire, qui marque un quart de si\u00e8cle d\u2019engagement en faveur de l\u2019enfance, a co\u00efncid\u00e9 avec le Ftour du C\u0153ur organis\u00e9 chaque ann\u00e9e autour des valeurs du mois de Ramadan&nbsp;: solidarit\u00e9, partage et g\u00e9n\u00e9rosit\u00e9.<\/p>\n\n\n\n<p>De nombreuses c\u00e9l\u00e9brit\u00e9s ont particip\u00e9 \u00e0 cet \u00e9v\u00e9nement, t\u00e9moignant ainsi de leur engagement en faveur de l\u2019enfance. Parmi les invit\u00e9s, il y avait des stars du football, des artistes c\u00e9l\u00e8bres, des chefs d\u2019entreprises ainsi que les marraines, les parrains et les amis fid\u00e8les de l\u2019association. Tous \u00e9taient r\u00e9unis sous le hashtag \u00ab#Vous \u00eates les amis qui deviennent une famille\u00bb pour montrer leur attachement et leur soutien \u00e0 SOS Villages d\u2019Enfants Maroc, qui a souhait\u00e9 \u00e0 son tour exprimer toute sa gratitude \u00e0 ceux et celles qui contribuent \u00e0 la vie de l\u2019Association.<\/p>\n\n\n\n<p>\u00abNous avons voulu rendre hommage \u00e0 nos donateurs, parrains, marraines et entreprises partenaires, qui ont soutenu le Village d&#8217;Enfants SOS Dar Bou\u00e2zza tout au long de ces 25 ann\u00e9es. Leur confiance et leur g\u00e9n\u00e9rosit\u00e9\u0301 nous ont permis de r\u00e9aliser des projets ambitieux\u00bb, explique Samya El Mousti, Directrice Nationale de SOS Villages d\u2019Enfants Maroc.<\/p>\n\n\n\n<p>Un des moments forts de cette soir\u00e9e a \u00e9t\u00e9 l\u2019hommage rendu \u00e0 un des piliers de SOS Villages d\u2019Enfants, Mustapha El Yacouti, un collaborateur engag\u00e9 et d\u00e9vou\u00e9 qui est arriv\u00e9 \u00e0 SOS Villages d\u2019Enfants il y a 29 ans, d\u2019abord au Village d\u2019Imzouren o\u00f9 il a occup\u00e9 plusieurs postes, puis au Village Dar Bou\u00e2zza en tant que Directeur avant de rejoindre le si\u00e8ge national. Il part \u00e0 la retraite sous les applaudissements des invit\u00e9s impressionn\u00e9s par un parcours riche aupr\u00e8s des enfants.<\/p>\n\n\n\n<p>Les enfants ont \u00e9t\u00e9 de la partie et ont offert au public pr\u00e9sent des prestations artistiques de tr\u00e8s grande qualit\u00e9. L\u2019op\u00e9rette jou\u00e9e pour l\u2019occasion sur un texte et une mise en sc\u00e8ne du sc\u00e9nariste Zakaria Kassi Lahlou, a retrac\u00e9 l\u2019histoire de Dar Bou\u00e2zza. Une prestation tr\u00e8s appr\u00e9ci\u00e9e qui montre la qualit\u00e9 de l\u2019accompagnement artistique des enfants.<\/p>\n\n\n\n<p>Avant de c\u00e9der la sc\u00e8ne \u00e0 l\u2019artiste Asmae Lazrak, chanteuse de Malhoun, qui a anim\u00e9 la fin de la soir\u00e9e, des troph\u00e9es \u00abPlatinium Friends 2025\u00bb ont \u00e9t\u00e9 remis aux entreprises pour les remercier de leur engagement ind\u00e9fectible aupr\u00e8s des enfants. Ont \u00e9t\u00e9 honor\u00e9s Dari Couspate, McDonald\u2019s, Akdital, TotalEnergies, Kettani Immobilier, BIM Maroc, Oriflame, les Eaux Min\u00e9rales d\u2019Oulm\u00e8s et LC Waikiki, ce dernier \u00e9tant repr\u00e9sent\u00e9 par son Responsable Communication, un jeune autonome aujourd\u2019hui, qui a grandi au Village d\u2019Enfants SOS A\u00eft Ourir.<\/p>\n\n\n\n<p>La soir\u00e9e a \u00e9galement \u00e9t\u00e9 l\u2019occasion de c\u00e9l\u00e9brer le courage et l\u2019engagement des participantes \u00e0 l\u2019aventure sportive et solidaire Sahraouiya, qui ont couru sous le label SOS Villages d\u2019Enfants pour r\u00e9colter des dons et contribuer ainsi \u00e0 la construction d\u2019un espace de sport au 6<sup>\u00e8me<\/sup> Village d\u2019Enfants Dakhla dont l\u2019ouverture est annonc\u00e9e pour cette ann\u00e9e.<\/p>\n\n\n\n<p>Entour\u00e9s des invit\u00e9s et des \u00e9quipes d\u00e9vou\u00e9es de SOS Villages d\u2019Enfants Maroc, les enfants ont souffl\u00e9 les 25 bougies du Village Dar Bou\u00e2zza dans une ambiance festive et pleine d\u2019espoir pour l\u2019avenir&nbsp;!<\/p>\n\n\n\n<p><strong><em>\u00c0 propos de SOS Villages d\u2019Enfants Maroc<\/em><\/strong><\/p>\n\n\n\n<p>Association reconnue d\u2019utilit\u00e9 publique et plac\u00e9e sous la Pr\u00e9sidence d\u2019Honneur de Son Altesse Royale La Princesse Lalla Hasnaa, SOS Villages d\u2019Enfants Maroc accompagne depuis sa cr\u00e9ation il y a 40 ans les enfants via 3 programmes&nbsp;: la protection \u00e0 long terme (20 ans en moyenne) de ceux qui ont perdu leur famille, la pr\u00e9vention d\u2019abandon aupr\u00e8s des familles vuln\u00e9rables et l\u2019insertion socioprofessionnelle des jeunes adultes.<\/p>\n\n\n\n<p>Depuis sa cr\u00e9ation en 1985, l\u2019institution agit en faveur des enfants et des jeunes priv\u00e9s de soutien familial. Forte de sa mission d\u2019assurer \u00e0 chaque enfant le droit de grandir dans un cadre s\u00e9curis\u00e9, affectueux et stable, l\u2019Association d\u00e9veloppe des programmes qui vont bien au-del\u00e0 de la prise en charge \u00e0 long terme.<\/p>\n","protected":false},"excerpt":{"rendered":"<p>SOS Villages d\u2019Enfants Maroc a c\u00e9l\u00e9br\u00e9, le 14 mars dernier, le 25\u00e8me anniversaire de son Village de Dar Bou\u00e2zza (banlieue de Casablanca). Cet anniversaire, qui marque un quart de si\u00e8cle d\u2019engagement en faveur de l\u2019enfance, a co\u00efncid\u00e9 avec le Ftour du C\u0153ur organis\u00e9 chaque ann\u00e9e autour des valeurs du mois de Ramadan&nbsp;: solidarit\u00e9, partage et &hellip;<\/p>\n","protected":false},"author":9,"featured_media":34323,"comment_status":"open","ping_status":"closed","sticky":false,"template":"","format":"standard","meta":{"footnotes":""},"categories":[40],"tags":[],"class_list":["post-34337","post","type-post","status-publish","format-standard","has-post-thumbnail","hentry","category-social"],"_links":{"self":[{"href":"https:\/\/letempsmag.ma\/index.php?rest_route=\/wp\/v2\/posts\/34337","targetHints":{"allow":["GET"]}}],"collection":[{"href":"https:\/\/letempsmag.ma\/index.php?rest_route=\/wp\/v2\/posts"}],"about":[{"href":"https:\/\/letempsmag.ma\/index.php?rest_route=\/wp\/v2\/types\/post"}],"author":[{"embeddable":true,"href":"https:\/\/letempsmag.ma\/index.php?rest_route=\/wp\/v2\/users\/9"}],"replies":[{"embeddable":true,"href":"https:\/\/letempsmag.ma\/index.php?rest_route=%2Fwp%2Fv2%2Fcomments&post=34337"}],"version-history":[{"count":1,"href":"https:\/\/letempsmag.ma\/index.php?rest_route=\/wp\/v2\/posts\/34337\/revisions"}],"predecessor-version":[{"id":34338,"href":"https:\/\/letempsmag.ma\/index.php?rest_route=\/wp\/v2\/posts\/34337\/revisions\/34338"}],"wp:featuredmedia":[{"embeddable":true,"href":"https:\/\/letempsmag.ma\/index.php?rest_route=\/wp\/v2\/media\/34323"}],"wp:attachment":[{"href":"https:\/\/letempsmag.ma\/index.php?rest_route=%2Fwp%2Fv2%2Fmedia&parent=34337"}],"wp:term":[{"taxonomy":"category","embeddable":true,"href":"https:\/\/letempsmag.ma\/index.php?rest_route=%2Fwp%2Fv2%2Fcategories&post=34337"},{"taxonomy":"post_tag","embeddable":true,"href":"https:\/\/letempsmag.ma\/index.php?rest_route=%2Fwp%2Fv2%2Ftags&post=34337"}],"curies":[{"name":"wp","href":"https:\/\/api.w.org\/{rel}","templated":true}]}}