{"id":34219,"date":"2025-03-13T12:12:12","date_gmt":"2025-03-13T11:12:12","guid":{"rendered":"https:\/\/letempsmag.ma\/?p=34219"},"modified":"2025-03-13T12:12:13","modified_gmt":"2025-03-13T11:12:13","slug":"accord-imminent-pour-reglementer-les-exportations-de-tomates-marocaines-vers-la-france","status":"publish","type":"post","link":"https:\/\/letempsmag.ma\/?p=34219","title":{"rendered":"Accord imminent pour r\u00e9glementer les exportations de tomates marocaines vers la France"},"content":{"rendered":"\n<p>Un accord bilat\u00e9ral entre producteurs de tomates marocains et fran\u00e7ais devrait \u00eatre sign\u00e9 \u00e0 la mi-mars prochain pour mieux encadrer la pr\u00e9sence des tomates cerises marocaines sur le march\u00e9 de l\u2019Hexagone. L\u2019accord devrait \u00e9viter aux producteurs marocains de concurrencer directement la production locale au d\u00e9but de la saison fran\u00e7aise. Pendant longtemps, les tomates marocaines \u00e9taient disponibles hors saison, en compl\u00e9ment de l\u2019offre fran\u00e7aise. Mais avec le d\u00e9veloppement de la production sous serre dans le sud du Maroc et l\u2019essor de la production de tomates-cerises, l\u2019\u00e9quilibre a \u00e9t\u00e9 rompu.<\/p>\n\n\n\n<p>Les discussions en cours depuis plusieurs mois ont jet\u00e9 les bases d\u2019un compromis. Initi\u00e9 par les minist\u00e8res de l\u2019Agriculture des deux pays, le Comit\u00e9 mixte franco-marocain des fruits et l\u00e9gumes (inactif depuis 2019) a \u00e9t\u00e9 r\u00e9activ\u00e9 lors de la visite d\u2019\u00c9tat du Pr\u00e9sident fran\u00e7ais, Emmanuel Macron, \u00e0 Rabat en octobre 2024. Depuis, plusieurs rencontres ont eu lieu entre les repr\u00e9sentants des producteurs, notamment lors du Salon de l\u2019Agriculture de Mekn\u00e8s en avril 2024 et du Salon de l\u2019Agriculture de Paris en f\u00e9vrier dernier. L\u2019accord attendu formalisera les engagements sur la saisonnalit\u00e9 des exportations marocaines vers le march\u00e9 fran\u00e7ais.<\/p>\n","protected":false},"excerpt":{"rendered":"<p>Un accord bilat\u00e9ral entre producteurs de tomates marocains et fran\u00e7ais devrait \u00eatre sign\u00e9 \u00e0 la mi-mars prochain pour mieux encadrer la pr\u00e9sence des tomates cerises marocaines sur le march\u00e9 de l\u2019Hexagone. L\u2019accord devrait \u00e9viter aux producteurs marocains de concurrencer directement la production locale au d\u00e9but de la saison fran\u00e7aise. Pendant longtemps, les tomates marocaines \u00e9taient &hellip;<\/p>\n","protected":false},"author":9,"featured_media":34216,"comment_status":"open","ping_status":"closed","sticky":false,"template":"","format":"standard","meta":{"footnotes":""},"categories":[30],"tags":[],"class_list":["post-34219","post","type-post","status-publish","format-standard","has-post-thumbnail","hentry","category-agriculture"],"_links":{"self":[{"href":"https:\/\/letempsmag.ma\/index.php?rest_route=\/wp\/v2\/posts\/34219","targetHints":{"allow":["GET"]}}],"collection":[{"href":"https:\/\/letempsmag.ma\/index.php?rest_route=\/wp\/v2\/posts"}],"about":[{"href":"https:\/\/letempsmag.ma\/index.php?rest_route=\/wp\/v2\/types\/post"}],"author":[{"embeddable":true,"href":"https:\/\/letempsmag.ma\/index.php?rest_route=\/wp\/v2\/users\/9"}],"replies":[{"embeddable":true,"href":"https:\/\/letempsmag.ma\/index.php?rest_route=%2Fwp%2Fv2%2Fcomments&post=34219"}],"version-history":[{"count":1,"href":"https:\/\/letempsmag.ma\/index.php?rest_route=\/wp\/v2\/posts\/34219\/revisions"}],"predecessor-version":[{"id":34220,"href":"https:\/\/letempsmag.ma\/index.php?rest_route=\/wp\/v2\/posts\/34219\/revisions\/34220"}],"wp:featuredmedia":[{"embeddable":true,"href":"https:\/\/letempsmag.ma\/index.php?rest_route=\/wp\/v2\/media\/34216"}],"wp:attachment":[{"href":"https:\/\/letempsmag.ma\/index.php?rest_route=%2Fwp%2Fv2%2Fmedia&parent=34219"}],"wp:term":[{"taxonomy":"category","embeddable":true,"href":"https:\/\/letempsmag.ma\/index.php?rest_route=%2Fwp%2Fv2%2Fcategories&post=34219"},{"taxonomy":"post_tag","embeddable":true,"href":"https:\/\/letempsmag.ma\/index.php?rest_route=%2Fwp%2Fv2%2Ftags&post=34219"}],"curies":[{"name":"wp","href":"https:\/\/api.w.org\/{rel}","templated":true}]}}