{"id":34210,"date":"2025-03-03T11:23:00","date_gmt":"2025-03-03T10:23:00","guid":{"rendered":"https:\/\/letempsmag.ma\/?p=34210"},"modified":"2025-03-13T11:25:06","modified_gmt":"2025-03-13T10:25:06","slug":"nos-respects-mesdames","status":"publish","type":"post","link":"https:\/\/letempsmag.ma\/?p=34210","title":{"rendered":"NOS RESPECTS, MESDAMES\u00a0!"},"content":{"rendered":"\n<p class=\"has-text-align-center\"><strong>Par HASSAN EL ARCH<\/strong><\/p>\n\n\n\n<p class=\"has-text-align-center\"><strong>Directeur de la R\u00e9daction<\/strong><\/p>\n\n\n\n<p class=\"has-text-align-center\"><strong>direction@letempsmag.ma<\/strong><\/p>\n\n\n\n<p>Dans un monde id\u00e9al, chaque jour serait un 8 Mars. Oui&nbsp;! Sans faire de dithyrambe, pourquoi une seule journ\u00e9e devrait suffire pour rendre hommage aux femmes&nbsp;? 365 jours par an, la moiti\u00e9 de l\u2019humanit\u00e9 doit rappeler \u00e0 l\u2019autre moiti\u00e9 combien elle est pr\u00e9cieuse, mais combien aussi elle est mal reconnue dans sa valeur et son r\u00f4le pour le maintien de la coh\u00e9sion sociale. De fait, c\u00e9l\u00e9brer la Journ\u00e9e des Femmes est \u00e9videmment une \u00e9vidence, mais le contexte autant que le sens et la finalit\u00e9 nous interrogent. Titillent notre conscience. Nous renvoient \u00e0 l\u2019anachronisme d\u2019un combat, celui des femmes, qui aurait d\u00fb \u00eatre sold\u00e9 il y a longtemps\u2026<\/p>\n\n\n\n<p>En tant que m\u00e9dia, nous nous faisons un devoir moral de rappeler cette r\u00e9alit\u00e9 chaque jour, chaque semaine, chaque saison. Quitte \u00e0 consacrer un dossier sp\u00e9cial \u00e0 la question, une fois par an, \u00e0 l\u2019occasion du 8 Mars. C\u2019est ce que nous faisons dans cette \u00e9dition \u00e0 travers un large focus (pages 16 \u00e0 50) o\u00f9 nous braquons le projecteur sur 25 femmes marocaines. 25 femmes d\u2019exception. Mais qui oserait penser, un seul instant, que les femmes d\u2019exception dans notre pays ne sont plut\u00f4t pas des centaines, des milliers, voire des millions&nbsp;?! Le dernier recensement de la population au Maroc a r\u00e9v\u00e9l\u00e9, en septembre dernier, que les femmes sont pour moiti\u00e9 dans les 38 millions d\u2019\u00e2mes du Royaume. Cela renseigne sur l\u2019ampleur et la profondeur de cette communaut\u00e9 de femmes d\u2019exception\u2026<\/p>\n\n\n\n<p>Notre galerie pr\u00e9sente des femmes connues et d\u2019autres beaucoup moins connues. Les autres, toutes les autres, se reconna\u00eetront assur\u00e9ment en elles. Parce qu\u2019elles sont toutes pr\u00e9cieuses, qu\u2019elles remplissent tout l\u2019espace de notre quotidien et que rien n\u2019a de sens sans elles, LE TEMPS leur adresse ces simples mots en guise de r\u00e9v\u00e9rence&nbsp;: \u00abNos respects Mesdames&nbsp;!\u00bb.<\/p>\n","protected":false},"excerpt":{"rendered":"<p>Par HASSAN EL ARCH Directeur de la R\u00e9daction direction@letempsmag.ma Dans un monde id\u00e9al, chaque jour serait un 8 Mars. Oui&nbsp;! Sans faire de dithyrambe, pourquoi une seule journ\u00e9e devrait suffire pour rendre hommage aux femmes&nbsp;? 365 jours par an, la moiti\u00e9 de l\u2019humanit\u00e9 doit rappeler \u00e0 l\u2019autre moiti\u00e9 combien elle est pr\u00e9cieuse, mais combien aussi &hellip;<\/p>\n","protected":false},"author":9,"featured_media":30319,"comment_status":"open","ping_status":"closed","sticky":false,"template":"","format":"standard","meta":{"footnotes":""},"categories":[44],"tags":[],"class_list":["post-34210","post","type-post","status-publish","format-standard","has-post-thumbnail","hentry","category-edito"],"_links":{"self":[{"href":"https:\/\/letempsmag.ma\/index.php?rest_route=\/wp\/v2\/posts\/34210","targetHints":{"allow":["GET"]}}],"collection":[{"href":"https:\/\/letempsmag.ma\/index.php?rest_route=\/wp\/v2\/posts"}],"about":[{"href":"https:\/\/letempsmag.ma\/index.php?rest_route=\/wp\/v2\/types\/post"}],"author":[{"embeddable":true,"href":"https:\/\/letempsmag.ma\/index.php?rest_route=\/wp\/v2\/users\/9"}],"replies":[{"embeddable":true,"href":"https:\/\/letempsmag.ma\/index.php?rest_route=%2Fwp%2Fv2%2Fcomments&post=34210"}],"version-history":[{"count":1,"href":"https:\/\/letempsmag.ma\/index.php?rest_route=\/wp\/v2\/posts\/34210\/revisions"}],"predecessor-version":[{"id":34211,"href":"https:\/\/letempsmag.ma\/index.php?rest_route=\/wp\/v2\/posts\/34210\/revisions\/34211"}],"wp:featuredmedia":[{"embeddable":true,"href":"https:\/\/letempsmag.ma\/index.php?rest_route=\/wp\/v2\/media\/30319"}],"wp:attachment":[{"href":"https:\/\/letempsmag.ma\/index.php?rest_route=%2Fwp%2Fv2%2Fmedia&parent=34210"}],"wp:term":[{"taxonomy":"category","embeddable":true,"href":"https:\/\/letempsmag.ma\/index.php?rest_route=%2Fwp%2Fv2%2Fcategories&post=34210"},{"taxonomy":"post_tag","embeddable":true,"href":"https:\/\/letempsmag.ma\/index.php?rest_route=%2Fwp%2Fv2%2Ftags&post=34210"}],"curies":[{"name":"wp","href":"https:\/\/api.w.org\/{rel}","templated":true}]}}