{"id":3392,"date":"2021-05-26T09:06:24","date_gmt":"2021-05-26T09:06:24","guid":{"rendered":"https:\/\/letempsmag.ma\/?p=3392"},"modified":"2021-05-26T09:06:25","modified_gmt":"2021-05-26T09:06:25","slug":"la-strategie-de-developpement-du-pole-audiovisuel-public-enfin-clarifiee","status":"publish","type":"post","link":"https:\/\/letempsmag.ma\/?p=3392","title":{"rendered":"La strat\u00e9gie de d\u00e9veloppement du P\u00f4le audiovisuel public enfin clarifi\u00e9e"},"content":{"rendered":"\n<p>Le ministre de la Culture, de la Jeunesse et des Sports, Othmane El Ferdaous, a pr\u00e9sent\u00e9, hier mardi \u00e0 Rabat, les grandes lignes de la restructuration du P\u00f4le audiovisuel public \u00e0 travers un regroupement de la Soci\u00e9t\u00e9 Nationale de Radiodiffusion et de T\u00e9l\u00e9vision (SNRT) et des cha\u00eenes de t\u00e9l\u00e9vision \u00ab2M\u00bb et \u00abMedi 1 TV\u00bb, et ce, dans le cadre de la feuille de route 2024 de la strat\u00e9gie de d\u00e9veloppement du secteur de l&#8217;audiovisuel public.<\/p>\n\n\n\n<p>S&#8217;exprimant devant la Commission de l&#8217;Enseignement, de la Culture et de la Communication \u00e0 la Chambre des Repr\u00e9sentants au sujet de la strat\u00e9gie du d\u00e9veloppement de l&#8217;audiovisuel public, le Ministre a d\u00e9clar\u00e9 que la restructuration de ce P\u00f4le passe par le regroupement de la SNRT, de \u00ab2M\u00bb et de \u00abMedi 1 TV\u00bb suivant une logique qui permettra \u00e0 l&#8217;\u00c9tat de g\u00e9rer ses biens selon une vision strat\u00e9gique int\u00e9gr\u00e9e. Dans une la premi\u00e8re \u00e9tape, ce regroupement s&#8217;op\u00e9rera \u00e0 travers le processus \u00abcoup d&#8217;accord\u00e9on\u00bb qui concernera les capitaux de \u00ab2M\u00bb et \u00abMedi1 TV\u00bb, tandis que la deuxi\u00e8me \u00e9tape portera sur l&#8217;int\u00e9gration de la radio \u00abMedi 1\u00bbet de \u00abR\u00e9gie 3\u00bb (sa filiale \u00e0 100%) au secteur public apr\u00e8s \u00e9valuation par des experts ind\u00e9pendants, a expliqu\u00e9 Othmane El Ferdaous, pr\u00e9cisant que la troisi\u00e8me phase s&#8217;op\u00e9rera \u00e0 travers la cr\u00e9ation d&#8217;une Holding SNRT avec des soci\u00e9t\u00e9s professionnelles.<\/p>\n\n\n\n<p>S&#8217;agissant des cahiers de charges et du contrat-programme, le Ministre a d\u00e9clar\u00e9 que la relation entre l&#8217;\u00c9tat et la SNRT dans ce sens s&#8217;effectuera \u00e0 travers un contrat-programme \u00e9quilibr\u00e9 incluant un plan de synergie d\u00e9taill\u00e9, en parall\u00e8le avec la modernisation des cahiers de charges et l&#8217;assouplissement des restrictions \u00e9conomiques lorsque cela s&#8217;av\u00e8rera possible ainsi que l&#8217;adaptation aux \u00e9volutions technologiques.<\/p>\n","protected":false},"excerpt":{"rendered":"<p>Le ministre de la Culture, de la Jeunesse et des Sports, Othmane El Ferdaous, a pr\u00e9sent\u00e9, hier mardi \u00e0 Rabat, les grandes lignes de la restructuration du P\u00f4le audiovisuel public \u00e0 travers un regroupement de la Soci\u00e9t\u00e9 Nationale de Radiodiffusion et de T\u00e9l\u00e9vision (SNRT) et des cha\u00eenes de t\u00e9l\u00e9vision \u00ab2M\u00bb et \u00abMedi 1 TV\u00bb, et &hellip;<\/p>\n","protected":false},"author":9,"featured_media":3393,"comment_status":"open","ping_status":"closed","sticky":false,"template":"","format":"standard","meta":{"footnotes":""},"categories":[247],"tags":[],"class_list":["post-3392","post","type-post","status-publish","format-standard","has-post-thumbnail","hentry","category-medias"],"_links":{"self":[{"href":"https:\/\/letempsmag.ma\/index.php?rest_route=\/wp\/v2\/posts\/3392","targetHints":{"allow":["GET"]}}],"collection":[{"href":"https:\/\/letempsmag.ma\/index.php?rest_route=\/wp\/v2\/posts"}],"about":[{"href":"https:\/\/letempsmag.ma\/index.php?rest_route=\/wp\/v2\/types\/post"}],"author":[{"embeddable":true,"href":"https:\/\/letempsmag.ma\/index.php?rest_route=\/wp\/v2\/users\/9"}],"replies":[{"embeddable":true,"href":"https:\/\/letempsmag.ma\/index.php?rest_route=%2Fwp%2Fv2%2Fcomments&post=3392"}],"version-history":[{"count":1,"href":"https:\/\/letempsmag.ma\/index.php?rest_route=\/wp\/v2\/posts\/3392\/revisions"}],"predecessor-version":[{"id":3394,"href":"https:\/\/letempsmag.ma\/index.php?rest_route=\/wp\/v2\/posts\/3392\/revisions\/3394"}],"wp:featuredmedia":[{"embeddable":true,"href":"https:\/\/letempsmag.ma\/index.php?rest_route=\/wp\/v2\/media\/3393"}],"wp:attachment":[{"href":"https:\/\/letempsmag.ma\/index.php?rest_route=%2Fwp%2Fv2%2Fmedia&parent=3392"}],"wp:term":[{"taxonomy":"category","embeddable":true,"href":"https:\/\/letempsmag.ma\/index.php?rest_route=%2Fwp%2Fv2%2Fcategories&post=3392"},{"taxonomy":"post_tag","embeddable":true,"href":"https:\/\/letempsmag.ma\/index.php?rest_route=%2Fwp%2Fv2%2Ftags&post=3392"}],"curies":[{"name":"wp","href":"https:\/\/api.w.org\/{rel}","templated":true}]}}