{"id":3389,"date":"2021-05-26T09:05:45","date_gmt":"2021-05-26T09:05:45","guid":{"rendered":"https:\/\/letempsmag.ma\/?p=3389"},"modified":"2021-05-26T09:05:46","modified_gmt":"2021-05-26T09:05:46","slug":"la-map-remporte-le-grand-prix-faapa-du-meilleur-reportage-video","status":"publish","type":"post","link":"https:\/\/letempsmag.ma\/?p=3389","title":{"rendered":"La MAP remporte le Grand Prix FAAPA du meilleur reportage vid\u00e9o"},"content":{"rendered":"\n<p>La MAP (Agence Marocaine de Presse) vient de remporter le Grand Prix de la F\u00e9d\u00e9ration Atlantique des Agences de Presse Africaines (FAAPA) du meilleur reportage vid\u00e9o au titre de l\u2019\u00e9dition 2020.Le jury du Grand Prix de la FAAPA a en effet d\u00e9cern\u00e9, \u00e0 Rabat, le Prix du meilleur reportage vid\u00e9o au journaliste Mohamed Lachhab pour son reportage t\u00e9l\u00e9vis\u00e9 sur l\u2019int\u00e9gration des enfants d\u2019immigr\u00e9s, principalement d\u2019Afrique subsaharienne, dans le syst\u00e8me \u00e9ducatif marocain. Par ailleurs, le Prix du meilleur article a \u00e9t\u00e9 attribu\u00e9 au journaliste Simon Benjamin Bassol\u00e9, de l\u2019Agence Ivoirienne de Presse (AIP) pour son sujet intitul\u00e9 \u00abEntre allaitement et corv\u00e9e, des filles-m\u00e8res osent le service civique pour leur r\u00e9insertion\u00bb. Le Prix de la photo a \u00e9t\u00e9, quant \u00e0 lui, d\u00e9cern\u00e9 au photographe-reporter Dieylani Seydi, de l\u2019Agence de Presse S\u00e9n\u00e9galaise (APS).<\/p>\n\n\n\n<p>La c\u00e9r\u00e9monie de remise des Prix aux laur\u00e9ats aura lieu lors de la prochaine Assembl\u00e9e G\u00e9n\u00e9rale de la FAAPA. Le laur\u00e9at dans chaque cat\u00e9gorie recevra un troph\u00e9e et un certificat sign\u00e9 par le Pr\u00e9sident de la FAAPA en plus d\u2019une r\u00e9compense de 1.000 dollars.<\/p>\n\n\n\n<p>Le Grand Prix de la FAAPA, qui est pr\u00e9sid\u00e9e par Khalil Hachimi Idrissi, Directeur G\u00e9n\u00e9ral de la MAP, a \u00e9t\u00e9 lanc\u00e9 en 2016 \u00e0 l\u2019occasion de la 2<sup>\u00e8me<\/sup> Assembl\u00e9e G\u00e9n\u00e9rale de cette f\u00e9d\u00e9ration panafricaine qui regroupe une trentaine d\u2019agences de presse. Le concours vise \u00e0 r\u00e9compenser l\u2019excellence et l\u2019innovation au sein des agences de presse du continent et \u00e0 rendre hommage aux comp\u00e9tences m\u00e9diatiques africaines. (Photo&nbsp;: MAP).<\/p>\n\n\n\n<p><strong>A. A.<\/strong><\/p>\n","protected":false},"excerpt":{"rendered":"<p>La MAP (Agence Marocaine de Presse) vient de remporter le Grand Prix de la F\u00e9d\u00e9ration Atlantique des Agences de Presse Africaines (FAAPA) du meilleur reportage vid\u00e9o au titre de l\u2019\u00e9dition 2020.Le jury du Grand Prix de la FAAPA a en effet d\u00e9cern\u00e9, \u00e0 Rabat, le Prix du meilleur reportage vid\u00e9o au journaliste Mohamed Lachhab pour &hellip;<\/p>\n","protected":false},"author":9,"featured_media":3390,"comment_status":"open","ping_status":"closed","sticky":false,"template":"","format":"standard","meta":{"footnotes":""},"categories":[71],"tags":[],"class_list":["post-3389","post","type-post","status-publish","format-standard","has-post-thumbnail","hentry","category-presse"],"_links":{"self":[{"href":"https:\/\/letempsmag.ma\/index.php?rest_route=\/wp\/v2\/posts\/3389","targetHints":{"allow":["GET"]}}],"collection":[{"href":"https:\/\/letempsmag.ma\/index.php?rest_route=\/wp\/v2\/posts"}],"about":[{"href":"https:\/\/letempsmag.ma\/index.php?rest_route=\/wp\/v2\/types\/post"}],"author":[{"embeddable":true,"href":"https:\/\/letempsmag.ma\/index.php?rest_route=\/wp\/v2\/users\/9"}],"replies":[{"embeddable":true,"href":"https:\/\/letempsmag.ma\/index.php?rest_route=%2Fwp%2Fv2%2Fcomments&post=3389"}],"version-history":[{"count":1,"href":"https:\/\/letempsmag.ma\/index.php?rest_route=\/wp\/v2\/posts\/3389\/revisions"}],"predecessor-version":[{"id":3391,"href":"https:\/\/letempsmag.ma\/index.php?rest_route=\/wp\/v2\/posts\/3389\/revisions\/3391"}],"wp:featuredmedia":[{"embeddable":true,"href":"https:\/\/letempsmag.ma\/index.php?rest_route=\/wp\/v2\/media\/3390"}],"wp:attachment":[{"href":"https:\/\/letempsmag.ma\/index.php?rest_route=%2Fwp%2Fv2%2Fmedia&parent=3389"}],"wp:term":[{"taxonomy":"category","embeddable":true,"href":"https:\/\/letempsmag.ma\/index.php?rest_route=%2Fwp%2Fv2%2Fcategories&post=3389"},{"taxonomy":"post_tag","embeddable":true,"href":"https:\/\/letempsmag.ma\/index.php?rest_route=%2Fwp%2Fv2%2Ftags&post=3389"}],"curies":[{"name":"wp","href":"https:\/\/api.w.org\/{rel}","templated":true}]}}