{"id":3386,"date":"2021-05-26T09:05:01","date_gmt":"2021-05-26T09:05:01","guid":{"rendered":"https:\/\/letempsmag.ma\/?p=3386"},"modified":"2021-05-26T09:05:02","modified_gmt":"2021-05-26T09:05:02","slug":"orange-maroc-et-lausim-se-penchent-sur-les-enjeux-de-la-5g-au-maroc","status":"publish","type":"post","link":"https:\/\/letempsmag.ma\/?p=3386","title":{"rendered":"Orange Maroc et l&#8217;AUSIM se penchent sur les enjeux de la 5G au Maroc"},"content":{"rendered":"\n<p>Orange Maroc et l\u2019AUSIM (Association des Utilisateurs des Syst\u00e8mes d\u2019Information au Maroc) ont organis\u00e9 r\u00e9cemment \u00e0 Casablanca un important d\u00e9bat autour des enjeux de la 5G au Maroc. Th\u00e8me de l\u2019\u00e9v\u00e9nement&nbsp;: \u00abl\u2019apport de la 5G sur l\u2019acculturation du cloud et la data\u00bb. Lors de cet int\u00e9ressant d\u00e9bat, l\u2019AUSIM a apport\u00e9 de la lumi\u00e8re sur le d\u00e9ploiement, l\u2019usage et le fonctionnement de la 5G au Maroc. Trois experts ont \u00e9t\u00e9 invit\u00e9s \u00e0 intervenir sur le plateau de l\u2019AUSIM&nbsp;: Mohamed Benouda, Pr\u00e9sident fondateur d\u2019ABA Capital, Mohammed Talal, Directeur G\u00e9n\u00e9ral de La Voie Express, et Mahdi Bouzouba\u00e2, Directeur Marketing et Support \u00e0 la Vente B2B chez Orange Maroc. Le d\u00e9bat \u00e9tait mod\u00e9r\u00e9 par Salah Baina, enseignant-chercheur.<\/p>\n\n\n\n<p>Le d\u00e9bat s\u2019est articul\u00e9 autour de 3 grands axes&nbsp;:<\/p>\n\n\n\n<p>&#8211; Mieux comprendre ce qu&#8217;est la 5G et en quoi est-ce une v\u00e9ritable r\u00e9volution.<\/p>\n\n\n\n<p>&#8211; Comment la 5G et les objets communicants pourraient bouleverser l&#8217;industrie moderne&nbsp;? \u00c0 l&#8217;\u00e9chelle marocaine, quels sont les usages qui font appel aujourd&#8217;hui \u00e0 ce type d&#8217;infrastructure&nbsp;?<\/p>\n\n\n\n<p>&#8211; Quels sont les risques inh\u00e9rents qu&#8217;on devrait \u00e9viter lors du d\u00e9ploiement \u00e0 grande \u00e9chelle de ce type de technologie au Maroc&nbsp;?<\/p>\n\n\n\n<p><strong>L. F.<\/strong><\/p>\n","protected":false},"excerpt":{"rendered":"<p>Orange Maroc et l\u2019AUSIM (Association des Utilisateurs des Syst\u00e8mes d\u2019Information au Maroc) ont organis\u00e9 r\u00e9cemment \u00e0 Casablanca un important d\u00e9bat autour des enjeux de la 5G au Maroc. Th\u00e8me de l\u2019\u00e9v\u00e9nement&nbsp;: \u00abl\u2019apport de la 5G sur l\u2019acculturation du cloud et la data\u00bb. Lors de cet int\u00e9ressant d\u00e9bat, l\u2019AUSIM a apport\u00e9 de la lumi\u00e8re sur le &hellip;<\/p>\n","protected":false},"author":9,"featured_media":3387,"comment_status":"open","ping_status":"closed","sticky":false,"template":"","format":"standard","meta":{"footnotes":""},"categories":[114],"tags":[],"class_list":["post-3386","post","type-post","status-publish","format-standard","has-post-thumbnail","hentry","category-technologies"],"_links":{"self":[{"href":"https:\/\/letempsmag.ma\/index.php?rest_route=\/wp\/v2\/posts\/3386","targetHints":{"allow":["GET"]}}],"collection":[{"href":"https:\/\/letempsmag.ma\/index.php?rest_route=\/wp\/v2\/posts"}],"about":[{"href":"https:\/\/letempsmag.ma\/index.php?rest_route=\/wp\/v2\/types\/post"}],"author":[{"embeddable":true,"href":"https:\/\/letempsmag.ma\/index.php?rest_route=\/wp\/v2\/users\/9"}],"replies":[{"embeddable":true,"href":"https:\/\/letempsmag.ma\/index.php?rest_route=%2Fwp%2Fv2%2Fcomments&post=3386"}],"version-history":[{"count":1,"href":"https:\/\/letempsmag.ma\/index.php?rest_route=\/wp\/v2\/posts\/3386\/revisions"}],"predecessor-version":[{"id":3388,"href":"https:\/\/letempsmag.ma\/index.php?rest_route=\/wp\/v2\/posts\/3386\/revisions\/3388"}],"wp:featuredmedia":[{"embeddable":true,"href":"https:\/\/letempsmag.ma\/index.php?rest_route=\/wp\/v2\/media\/3387"}],"wp:attachment":[{"href":"https:\/\/letempsmag.ma\/index.php?rest_route=%2Fwp%2Fv2%2Fmedia&parent=3386"}],"wp:term":[{"taxonomy":"category","embeddable":true,"href":"https:\/\/letempsmag.ma\/index.php?rest_route=%2Fwp%2Fv2%2Fcategories&post=3386"},{"taxonomy":"post_tag","embeddable":true,"href":"https:\/\/letempsmag.ma\/index.php?rest_route=%2Fwp%2Fv2%2Ftags&post=3386"}],"curies":[{"name":"wp","href":"https:\/\/api.w.org\/{rel}","templated":true}]}}