{"id":33849,"date":"2025-03-05T12:47:03","date_gmt":"2025-03-05T11:47:03","guid":{"rendered":"https:\/\/letempsmag.ma\/?p=33849"},"modified":"2025-03-05T12:47:03","modified_gmt":"2025-03-05T11:47:03","slug":"le-maroc-et-lespagne-signent-une-declaration-dintention-dans-le-domaine-de-la-justice","status":"publish","type":"post","link":"https:\/\/letempsmag.ma\/?p=33849","title":{"rendered":"Le Maroc et l\u2019Espagne signent une d\u00e9claration d\u2019intention dans le domaine de la justice"},"content":{"rendered":"\n<p>Une d\u00e9claration d\u2019intention conjointe entre le Maroc et l\u2019Espagne dans le domaine de la justice, dans le cadre de l\u2019organisation de la Coupe du Monde 2030, a \u00e9t\u00e9 sign\u00e9e hier \u00e0 Madrid, par le Ministre de la Justice, Abdellatif Ouahbi, et son homologue espagnol, F\u00e9lix Bolanos. La signature de cette d\u00e9claration d\u2019intention conjointe, en marge de la rencontre entre les deux Ministres, s\u2019inscrit dans le cadre du renforcement des relations historiques de coop\u00e9ration bilat\u00e9rale entre les Royaumes du Maroc et d\u2019Espagne.<\/p>\n\n\n\n<p>Le texte porte sur plusieurs axes dont le renforcement de la coop\u00e9ration judiciaire pour faire face aux d\u00e9fis pos\u00e9s par la criminalit\u00e9 organis\u00e9e, notamment \u00e0 travers l\u2019intensification du dialogue et des \u00e9changes dans le domaine judiciaire et la valorisation de la coop\u00e9ration judiciaire existante. Il s\u2019agit aussi de la modernisation du syst\u00e8me judiciaire, la num\u00e9risation de la justice, l\u2019am\u00e9lioration de l\u2019acc\u00e8s \u00e0 la justice, le recours aux modes alternatifs de r\u00e9solution des litiges et la gestion des affaires transfrontali\u00e8res.<\/p>\n\n\n\n<p>Cette d\u00e9claration porte par ailleurs sur la consolidation des commissions mixtes \u00e0 travers l\u2019organisation r\u00e9guli\u00e8re des commissions pr\u00e9vues dans les conventions d\u2019entraide judiciaire civile et p\u00e9nale, dans la continuit\u00e9 des discussions engag\u00e9es lors des rencontres d\u2019avril 2024 \u00e0 Madrid.&nbsp;<\/p>\n\n\n\n<p>Compte tenu du caract\u00e8re trilat\u00e9ral de cet \u00e9v\u00e9nement sportif, les deux Ministres ont r\u00e9it\u00e9r\u00e9 leur engagement \u00e0 approfondir leur coop\u00e9ration \u00e0 travers des accords sp\u00e9cifiques, notamment via la Commission Mixte de Justice Maroc-Espagne-Portugal, qui constituera un cadre de travail structur\u00e9 jusqu\u2019\u00e0 la conclusion de la Coupe du Monde de la FIFA 2030.<\/p>\n","protected":false},"excerpt":{"rendered":"<p>Une d\u00e9claration d\u2019intention conjointe entre le Maroc et l\u2019Espagne dans le domaine de la justice, dans le cadre de l\u2019organisation de la Coupe du Monde 2030, a \u00e9t\u00e9 sign\u00e9e hier \u00e0 Madrid, par le Ministre de la Justice, Abdellatif Ouahbi, et son homologue espagnol, F\u00e9lix Bolanos. La signature de cette d\u00e9claration d\u2019intention conjointe, en marge &hellip;<\/p>\n","protected":false},"author":9,"featured_media":33833,"comment_status":"open","ping_status":"closed","sticky":false,"template":"","format":"standard","meta":{"footnotes":""},"categories":[1050],"tags":[],"class_list":["post-33849","post","type-post","status-publish","format-standard","has-post-thumbnail","hentry","category-mondial-2030"],"_links":{"self":[{"href":"https:\/\/letempsmag.ma\/index.php?rest_route=\/wp\/v2\/posts\/33849","targetHints":{"allow":["GET"]}}],"collection":[{"href":"https:\/\/letempsmag.ma\/index.php?rest_route=\/wp\/v2\/posts"}],"about":[{"href":"https:\/\/letempsmag.ma\/index.php?rest_route=\/wp\/v2\/types\/post"}],"author":[{"embeddable":true,"href":"https:\/\/letempsmag.ma\/index.php?rest_route=\/wp\/v2\/users\/9"}],"replies":[{"embeddable":true,"href":"https:\/\/letempsmag.ma\/index.php?rest_route=%2Fwp%2Fv2%2Fcomments&post=33849"}],"version-history":[{"count":1,"href":"https:\/\/letempsmag.ma\/index.php?rest_route=\/wp\/v2\/posts\/33849\/revisions"}],"predecessor-version":[{"id":33850,"href":"https:\/\/letempsmag.ma\/index.php?rest_route=\/wp\/v2\/posts\/33849\/revisions\/33850"}],"wp:featuredmedia":[{"embeddable":true,"href":"https:\/\/letempsmag.ma\/index.php?rest_route=\/wp\/v2\/media\/33833"}],"wp:attachment":[{"href":"https:\/\/letempsmag.ma\/index.php?rest_route=%2Fwp%2Fv2%2Fmedia&parent=33849"}],"wp:term":[{"taxonomy":"category","embeddable":true,"href":"https:\/\/letempsmag.ma\/index.php?rest_route=%2Fwp%2Fv2%2Fcategories&post=33849"},{"taxonomy":"post_tag","embeddable":true,"href":"https:\/\/letempsmag.ma\/index.php?rest_route=%2Fwp%2Fv2%2Ftags&post=33849"}],"curies":[{"name":"wp","href":"https:\/\/api.w.org\/{rel}","templated":true}]}}