{"id":33822,"date":"2025-03-04T13:36:25","date_gmt":"2025-03-04T12:36:25","guid":{"rendered":"https:\/\/letempsmag.ma\/?p=33822"},"modified":"2025-03-04T13:36:25","modified_gmt":"2025-03-04T12:36:25","slug":"le-maroc-recoit-ses-premiers-helicopteres-ah-64e-apache","status":"publish","type":"post","link":"https:\/\/letempsmag.ma\/?p=33822","title":{"rendered":"Le Maroc re\u00e7oit ses premiers h\u00e9licopt\u00e8res \u00abAH-64E Apache\u00bb"},"content":{"rendered":"\n<p>Les Forces Royales Air ont r\u00e9ceptionn\u00e9 les 6 premiers h\u00e9licopt\u00e8res d\u2019attaque \u00abAH-64E Apache\u00bb sur 24 exemplaires command\u00e9s. Les h\u00e9licopt\u00e8res sont arriv\u00e9s \u00e0 la 7<sup>\u00e8me<\/sup> Base A\u00e9rienne de Khouribga. Les premiers h\u00e9licopt\u00e8res devaient \u00eatre livr\u00e9s en 2024, mais la livraison avait \u00e9t\u00e9 retard\u00e9e. Le reste des appareils devrait \u00eatre livr\u00e9 progressivement jusqu\u2019\u00e0 la mi-2026.<\/p>\n\n\n\n<p>En juin 2020, le Maroc avait sign\u00e9 un accord avec le minist\u00e8re am\u00e9ricain de la D\u00e9fense pour l\u2019achat de 24 appareils d\u2019attaque \u00abBoeing AH-64E Apache Guardian\u00bb. Les h\u00e9licopt\u00e8res fournis seront \u00e9quip\u00e9s du radar de contr\u00f4le de tir \u00abLongbow\u00bb modernis\u00e9 avec une port\u00e9e de d\u00e9tection augment\u00e9e de 8 \u00e0 16 km et du mode d\u2019utilisation au-dessus de l\u2019eau, qui permet de combattre les navires de surface ennemis. (Photo&nbsp;: Le360).<\/p>\n","protected":false},"excerpt":{"rendered":"<p>Les Forces Royales Air ont r\u00e9ceptionn\u00e9 les 6 premiers h\u00e9licopt\u00e8res d\u2019attaque \u00abAH-64E Apache\u00bb sur 24 exemplaires command\u00e9s. Les h\u00e9licopt\u00e8res sont arriv\u00e9s \u00e0 la 7\u00e8me Base A\u00e9rienne de Khouribga. Les premiers h\u00e9licopt\u00e8res devaient \u00eatre livr\u00e9s en 2024, mais la livraison avait \u00e9t\u00e9 retard\u00e9e. Le reste des appareils devrait \u00eatre livr\u00e9 progressivement jusqu\u2019\u00e0 la mi-2026. En juin &hellip;<\/p>\n","protected":false},"author":9,"featured_media":33813,"comment_status":"open","ping_status":"closed","sticky":false,"template":"","format":"standard","meta":{"footnotes":""},"categories":[248],"tags":[],"class_list":["post-33822","post","type-post","status-publish","format-standard","has-post-thumbnail","hentry","category-defense"],"_links":{"self":[{"href":"https:\/\/letempsmag.ma\/index.php?rest_route=\/wp\/v2\/posts\/33822","targetHints":{"allow":["GET"]}}],"collection":[{"href":"https:\/\/letempsmag.ma\/index.php?rest_route=\/wp\/v2\/posts"}],"about":[{"href":"https:\/\/letempsmag.ma\/index.php?rest_route=\/wp\/v2\/types\/post"}],"author":[{"embeddable":true,"href":"https:\/\/letempsmag.ma\/index.php?rest_route=\/wp\/v2\/users\/9"}],"replies":[{"embeddable":true,"href":"https:\/\/letempsmag.ma\/index.php?rest_route=%2Fwp%2Fv2%2Fcomments&post=33822"}],"version-history":[{"count":1,"href":"https:\/\/letempsmag.ma\/index.php?rest_route=\/wp\/v2\/posts\/33822\/revisions"}],"predecessor-version":[{"id":33823,"href":"https:\/\/letempsmag.ma\/index.php?rest_route=\/wp\/v2\/posts\/33822\/revisions\/33823"}],"wp:featuredmedia":[{"embeddable":true,"href":"https:\/\/letempsmag.ma\/index.php?rest_route=\/wp\/v2\/media\/33813"}],"wp:attachment":[{"href":"https:\/\/letempsmag.ma\/index.php?rest_route=%2Fwp%2Fv2%2Fmedia&parent=33822"}],"wp:term":[{"taxonomy":"category","embeddable":true,"href":"https:\/\/letempsmag.ma\/index.php?rest_route=%2Fwp%2Fv2%2Fcategories&post=33822"},{"taxonomy":"post_tag","embeddable":true,"href":"https:\/\/letempsmag.ma\/index.php?rest_route=%2Fwp%2Fv2%2Ftags&post=33822"}],"curies":[{"name":"wp","href":"https:\/\/api.w.org\/{rel}","templated":true}]}}