{"id":33818,"date":"2025-03-04T13:34:56","date_gmt":"2025-03-04T12:34:56","guid":{"rendered":"https:\/\/letempsmag.ma\/?p=33818"},"modified":"2025-03-04T13:34:56","modified_gmt":"2025-03-04T12:34:56","slug":"lhumour-marocain-a-lhonneur-avec-les-inqualifiables-entre-festival-et-tournee","status":"publish","type":"post","link":"https:\/\/letempsmag.ma\/?p=33818","title":{"rendered":"L\u2019humour marocain \u00e0 l\u2019honneur avec \u00abLes Inqualifiables\u00bb, entre festival et tourn\u00e9e"},"content":{"rendered":"\n<p>Ce mois de Ramadan promet de faire vibrer les Marocains au rythme de l\u2019humour avec deux \u00e9v\u00e9nements majeurs port\u00e9s par \u00abLes Inqualifiables\u00bb. Ces figures incontournables du stand-up, qui ont su conqu\u00e9rir un public aussi bien national qu&#8217;international, reviennent sur sc\u00e8ne avec une double dose de rires et de convivialit\u00e9. \u00c0 l\u2019occasion de la 8<sup>\u00e8me<\/sup> \u00e9dition du festival \u00abAji Thdm\u00bb et de leur tourn\u00e9e \u00abEntre Amis\u00bb, \u00abLes Inqualifiables&nbsp; prouvent que l\u2019humour est plus que jamais une arme de partage et de r\u00e9flexion.<\/p>\n\n\n\n<p>Du 12 au 15 mars prochain, les spectateurs pourront assister \u00e0 des performances exceptionnelles au Th\u00e9\u00e2tre National Mohamed V \u00e0 Rabat, avec notamment des pi\u00e8ces comme \u00abJa W Jab\u00bb, le spectacle \u00abManzakINn\u00bb de Bassou et le nouveau show \u00abIt\u2019s Ramzi\u00bb d\u2019Oussama Ramzi. Le point d\u2019orgue de cette \u00e9dition sera le gala de cl\u00f4ture \u00abEntre Amis\u00bb, le 15 mars. Une performance tr\u00e8s attendue qui marquera la fin de ce festival devenu culte.<\/p>\n\n\n\n<p>Mais l\u2019humour ne s\u2019arr\u00eate pas au th\u00e9\u00e2tre de Rabat. Les \u00abInqualifiables\u00bb partent en tourn\u00e9e \u00e0 travers le Maroc pour la tourn\u00e9e \u00abEntre Amis\u00bb, un concept novateur qui met en lumi\u00e8re les valeurs de l\u2019amiti\u00e9, du partage et de la convivialit\u00e9. Ce spectacle, bien plus qu\u2019un simple show, est une v\u00e9ritable exp\u00e9rience interactive o\u00f9 les rires fusent, aliment\u00e9s par l\u2019\u00e9nergie collective. Cette tourn\u00e9e r\u00e9unira sur sc\u00e8ne les humoristes marocains les plus en vue tels que Simo Sedraty, Haytam Miftah, Oussama Ramzi, Rachid Rafik, Ayoub Idri, ainsi que le duo dynamique Driss &amp; Mehdi. Ensemble, ils partageront des moments de pure complicit\u00e9 o\u00f9 l\u2019improvisation sera reine.<\/p>\n\n\n\n<p>Le public pourra retrouver ce spectacle exceptionnel dans les villes et aux dates suivantes&nbsp;: Casablanca (8 mars), Agadir (9 mars), Marrakech (10 et 11 mars), Rabat (15 mars, gala de cl\u00f4ture du festival \u00abAji Thdm\u00bb), Tanger (17 mars) et F\u00e8s (19 mars).<\/p>\n\n\n\n<p>Depuis leurs d\u00e9buts en 2016, Les \u00abInqualifiables\u00bb ont r\u00e9ussi \u00e0 s\u2019imposer comme des figures de proue du stand-up marocain. Leur premier spectacle, port\u00e9 par un humour m\u00ealant autod\u00e9rision et observations sociales, a rencontr\u00e9 un succ\u00e8s fulgurant. Ce succ\u00e8s s\u2019est poursuivi avec la cr\u00e9ation de leur propre soci\u00e9t\u00e9 de production, 1KPROD, et une s\u00e9rie de spectacles \u00e0 guichets ferm\u00e9s. C\u2019est en 2019 qu\u2019ils franchissent un nouveau cap avec le spectacle \u00abSi Y A Moi Y A Toi\u00bb, une r\u00e9flexion hilarante sur les relations humaines et les absurdit\u00e9s de la vie moderne. Le spectacle a non seulement marqu\u00e9 un tournant majeur dans leur carri\u00e8re, mais a aussi propuls\u00e9 les \u00abInqualifiables\u00bb sur la sc\u00e8ne internationale, avec plus de 100 repr\u00e9sentations \u00e0 travers le Maroc, les \u00c9tats-Unis, le Canada, la Turquie et les \u00c9mirats Arabes Unis.<\/p>\n\n\n\n<p><strong>L. F.<\/strong><\/p>\n\n\n\n<p><\/p>\n","protected":false},"excerpt":{"rendered":"<p>Ce mois de Ramadan promet de faire vibrer les Marocains au rythme de l\u2019humour avec deux \u00e9v\u00e9nements majeurs port\u00e9s par \u00abLes Inqualifiables\u00bb. Ces figures incontournables du stand-up, qui ont su conqu\u00e9rir un public aussi bien national qu&#8217;international, reviennent sur sc\u00e8ne avec une double dose de rires et de convivialit\u00e9. \u00c0 l\u2019occasion de la 8\u00e8me \u00e9dition &hellip;<\/p>\n","protected":false},"author":9,"featured_media":33808,"comment_status":"open","ping_status":"closed","sticky":false,"template":"","format":"standard","meta":{"footnotes":""},"categories":[1267],"tags":[],"class_list":["post-33818","post","type-post","status-publish","format-standard","has-post-thumbnail","hentry","category-spectacles"],"_links":{"self":[{"href":"https:\/\/letempsmag.ma\/index.php?rest_route=\/wp\/v2\/posts\/33818","targetHints":{"allow":["GET"]}}],"collection":[{"href":"https:\/\/letempsmag.ma\/index.php?rest_route=\/wp\/v2\/posts"}],"about":[{"href":"https:\/\/letempsmag.ma\/index.php?rest_route=\/wp\/v2\/types\/post"}],"author":[{"embeddable":true,"href":"https:\/\/letempsmag.ma\/index.php?rest_route=\/wp\/v2\/users\/9"}],"replies":[{"embeddable":true,"href":"https:\/\/letempsmag.ma\/index.php?rest_route=%2Fwp%2Fv2%2Fcomments&post=33818"}],"version-history":[{"count":1,"href":"https:\/\/letempsmag.ma\/index.php?rest_route=\/wp\/v2\/posts\/33818\/revisions"}],"predecessor-version":[{"id":33819,"href":"https:\/\/letempsmag.ma\/index.php?rest_route=\/wp\/v2\/posts\/33818\/revisions\/33819"}],"wp:featuredmedia":[{"embeddable":true,"href":"https:\/\/letempsmag.ma\/index.php?rest_route=\/wp\/v2\/media\/33808"}],"wp:attachment":[{"href":"https:\/\/letempsmag.ma\/index.php?rest_route=%2Fwp%2Fv2%2Fmedia&parent=33818"}],"wp:term":[{"taxonomy":"category","embeddable":true,"href":"https:\/\/letempsmag.ma\/index.php?rest_route=%2Fwp%2Fv2%2Fcategories&post=33818"},{"taxonomy":"post_tag","embeddable":true,"href":"https:\/\/letempsmag.ma\/index.php?rest_route=%2Fwp%2Fv2%2Ftags&post=33818"}],"curies":[{"name":"wp","href":"https:\/\/api.w.org\/{rel}","templated":true}]}}