{"id":3380,"date":"2021-05-26T09:03:38","date_gmt":"2021-05-26T09:03:38","guid":{"rendered":"https:\/\/letempsmag.ma\/?p=3380"},"modified":"2021-05-26T09:14:27","modified_gmt":"2021-05-26T09:14:27","slug":"wafa-assurance-designe-un-haut-profil-pour-booster-lanimation-commerciale","status":"publish","type":"post","link":"https:\/\/letempsmag.ma\/?p=3380","title":{"rendered":"Wafa Assurance d\u00e9signe un haut profil pour booster l\u2019animation commerciale"},"content":{"rendered":"\n<p>Wafa Assurance a annonc\u00e9 lundi dernier la nomination d\u2019Abderrahim Ittas au poste de Directeur Ex\u00e9cutif en charge du P\u00f4le Assurances Non Vie des Particuliers. Ce P\u00f4le englobe les Directions Animation Commerciale des R\u00e9seaux Agents &amp; Courtiers, Automobile, Risques Divers, ainsi que le Marketing et la Communication. \u00c0 fin 2020, l\u2019Animation Commerciale Bancassurance de Wafa Assurance concerne pr\u00e8s de 3.000 points de vente, porte un chiffre d\u2019affaires d\u2019environ 4 milliards de DH, des encours de plus de 20 milliards de DH et sert plusieurs millions de clients.<\/p>\n\n\n\n<p>Abderrahim Ittas et les \u00e9quipes de l\u2019assureur ont pour mandat d\u2019\u0153uvrer au renforcement des parts de march\u00e9, \u00e0 l\u2019am\u00e9lioration continue de l\u2019exp\u00e9rience-client et de la qualit\u00e9 de service, \u00e0 l\u2019accompagnement des r\u00e9seaux de partenaires et \u00e0 l\u2019encouragement de l\u2019adoption du digital.<\/p>\n\n\n\n<p>Le nouveau responsable est titulaire d\u2019un DESS en Marketing. Il a rejoint Wafa Assurance en 1993 pour occuper plusieurs fonctions dans l\u2019animation commerciale bancassurance jusqu\u2019\u00e0 en assurer la responsabilit\u00e9. Il a fait preuve d\u2019engagement et de d\u00e9termination pour entreprendre avec succ\u00e8s de nombreuses missions concernant des challenges commerciaux, de refonte et de d\u00e9veloppement aussi bien \u00e0 l\u2019\u00e9chelle nationale qu\u2019\u00e0 l\u2019international.<\/p>\n\n\n\n<p><strong>M. E.<\/strong><\/p>\n","protected":false},"excerpt":{"rendered":"<p>Wafa Assurance a annonc\u00e9 lundi dernier la nomination d\u2019Abderrahim Ittas au poste de Directeur Ex\u00e9cutif en charge du P\u00f4le Assurances Non Vie des Particuliers. Ce P\u00f4le englobe les Directions Animation Commerciale des R\u00e9seaux Agents &amp; Courtiers, Automobile, Risques Divers, ainsi que le Marketing et la Communication. \u00c0 fin 2020, l\u2019Animation Commerciale Bancassurance de Wafa Assurance &hellip;<\/p>\n","protected":false},"author":9,"featured_media":3407,"comment_status":"open","ping_status":"closed","sticky":false,"template":"","format":"standard","meta":{"footnotes":""},"categories":[246],"tags":[],"class_list":["post-3380","post","type-post","status-publish","format-standard","has-post-thumbnail","hentry","category-management"],"_links":{"self":[{"href":"https:\/\/letempsmag.ma\/index.php?rest_route=\/wp\/v2\/posts\/3380","targetHints":{"allow":["GET"]}}],"collection":[{"href":"https:\/\/letempsmag.ma\/index.php?rest_route=\/wp\/v2\/posts"}],"about":[{"href":"https:\/\/letempsmag.ma\/index.php?rest_route=\/wp\/v2\/types\/post"}],"author":[{"embeddable":true,"href":"https:\/\/letempsmag.ma\/index.php?rest_route=\/wp\/v2\/users\/9"}],"replies":[{"embeddable":true,"href":"https:\/\/letempsmag.ma\/index.php?rest_route=%2Fwp%2Fv2%2Fcomments&post=3380"}],"version-history":[{"count":1,"href":"https:\/\/letempsmag.ma\/index.php?rest_route=\/wp\/v2\/posts\/3380\/revisions"}],"predecessor-version":[{"id":3382,"href":"https:\/\/letempsmag.ma\/index.php?rest_route=\/wp\/v2\/posts\/3380\/revisions\/3382"}],"wp:featuredmedia":[{"embeddable":true,"href":"https:\/\/letempsmag.ma\/index.php?rest_route=\/wp\/v2\/media\/3407"}],"wp:attachment":[{"href":"https:\/\/letempsmag.ma\/index.php?rest_route=%2Fwp%2Fv2%2Fmedia&parent=3380"}],"wp:term":[{"taxonomy":"category","embeddable":true,"href":"https:\/\/letempsmag.ma\/index.php?rest_route=%2Fwp%2Fv2%2Fcategories&post=3380"},{"taxonomy":"post_tag","embeddable":true,"href":"https:\/\/letempsmag.ma\/index.php?rest_route=%2Fwp%2Fv2%2Ftags&post=3380"}],"curies":[{"name":"wp","href":"https:\/\/api.w.org\/{rel}","templated":true}]}}