{"id":33798,"date":"2025-03-03T13:55:08","date_gmt":"2025-03-03T12:55:08","guid":{"rendered":"https:\/\/letempsmag.ma\/?p=33798"},"modified":"2025-03-03T13:55:09","modified_gmt":"2025-03-03T12:55:09","slug":"creation-dune-chaire-detudes-marocaines-a-luniversite-al-qods","status":"publish","type":"post","link":"https:\/\/letempsmag.ma\/?p=33798","title":{"rendered":"Cr\u00e9ation d\u2019une Chaire d\u2019\u00e9tudes marocaines \u00e0 l\u2019Universit\u00e9 Al-Qods"},"content":{"rendered":"\n<p>L\u2019Agence Bayt Mal Al-Qods Acharif a lanc\u00e9, hier dimanche \u00e0 l\u2019Universit\u00e9 Al-Qods, dans la Ville Sainte, la Chaire des \u00e9tudes marocaines, nouvelle sp\u00e9cialit\u00e9 universitaire destin\u00e9e \u00e0 promouvoir les \u00e9changes acad\u00e9miques, ainsi que le rayonnement de la culture et de la civilisation marocaines en Palestine.<\/p>\n\n\n\n<p>La c\u00e9r\u00e9monie de lancement de cette Chaire s\u2019est d\u00e9roul\u00e9e en pr\u00e9sence du Directeur charg\u00e9 de la gestion de l\u2019Agence Bayt Mal Al-Qods Acharif, Mohamed Salem Cherkaoui, du Pr\u00e9sident de l\u2019Universit\u00e9 Al-Qods, Hanna Abdennour, de la Pr\u00e9sidente de la Chaire, Safae Nasser Eddine, ainsi que de plusieurs chercheurs et \u00e9tudiants.<\/p>\n\n\n\n<p>La cr\u00e9ation de cette nouvelle Chaire acad\u00e9mique vise \u00e0 permettre aux \u00e9tudiants palestiniens de s&#8217;impr\u00e9gner des multiples facettes du patrimoine culturel et civilisationnel du Royaume qui a de tout temps pr\u00f4n\u00e9 les valeurs d\u2019union, de libert\u00e9, de justice et de paix. Les \u00e9tudes de cette Chaire seront ax\u00e9es sur l\u2019analyse des liens sociaux et de solidarit\u00e9 unissant le Maroc et la Palestine, dans le cadre d\u2019un espace illustrant leurs relations historiques, humaines, culturelles et civilisationnelles.<\/p>\n\n\n\n<p>S\u2019exprimant \u00e0 cette occasion, le Pr\u00e9sident de l\u2019Universit\u00e9 Al-Qods a soulign\u00e9 que la cr\u00e9ation de la Chaire des \u00e9tudes marocaines contribuera \u00e0 la consolidation des liens culturels, sociaux, politiques et spirituels unissant les peuples marocain et palestinien, qui ont permis aux Marocains d&#8217;avoir des relations tr\u00e8s \u00e9troites avec le tissu social Maqdessi. \u00abCette initiative a pour objectif non seulement de renforcer les diff\u00e9rents aspects des \u00e9changes culturels entre les milieux acad\u00e9miques des deux pays, mais aussi de revitaliser les liens historiques s\u00e9culaires qui les ont toujours uni, ainsi que d\u2019enrichir et de promouvoir la pr\u00e9sence culturelle marocaine \u00e0 Al-Qods, gr\u00e2ce \u00e0 des recherches et des \u00e9tudes de qualit\u00e9\u00bb, a-t-il affirm\u00e9.<\/p>\n\n\n\n<p>Pour sa part, le Directeur charg\u00e9 de la gestion de l\u2019Agence Bayt Mal Al-Qods Acharif a indiqu\u00e9 que l\u2019Agence pose, \u00e0 travers ce lancement, une nouvelle pierre \u00e0 l\u2019\u00e9difice du renforcement de l&#8217;attachement des Marocains \u00e0 Al-Qods, notant que cette fili\u00e8re acad\u00e9mique contribuera \u00e0 la consolidation d\u2019une pr\u00e9sence marocaine multidimensionnelle dans la Ville Sainte et en Palestine, par le biais de la recherche scientifique et acad\u00e9mique. Il a rappel\u00e9 qu&#8217;outre des prix annuels d\u2019excellence, l\u2019Agence accorde plusieurs bourses d\u2019\u00e9tudes aux Palestiniens dans diff\u00e9rentes disciplines, dont les recherches sur Al-Qods, les sciences humaines et juridiques, l\u2019innovation, la m\u00e9decine et la pharmacie.<\/p>\n\n\n\n<p>Quant \u00e0 la Pr\u00e9sidente de la Chaire, elle a qualifi\u00e9 cette Chaire universitaire de \u00abmoyen efficace pour renforcer la communication entre acad\u00e9miciens et intellectuels marocains et palestiniens, dans l\u2019espoir qu\u2019elle serve de mod\u00e8le en mati\u00e8re d\u2019\u00e9change culturel entre les pays de l\u2019Organisation de la coop\u00e9ration islamique, et de plateforme d\u2019\u00e9change d\u2019id\u00e9es et de promotion des valeurs de justice, de dignit\u00e9 et de tol\u00e9rance entre les diff\u00e9rentes civilisations et cultures\u00bb.<\/p>\n","protected":false},"excerpt":{"rendered":"<p>L\u2019Agence Bayt Mal Al-Qods Acharif a lanc\u00e9, hier dimanche \u00e0 l\u2019Universit\u00e9 Al-Qods, dans la Ville Sainte, la Chaire des \u00e9tudes marocaines, nouvelle sp\u00e9cialit\u00e9 universitaire destin\u00e9e \u00e0 promouvoir les \u00e9changes acad\u00e9miques, ainsi que le rayonnement de la culture et de la civilisation marocaines en Palestine. La c\u00e9r\u00e9monie de lancement de cette Chaire s\u2019est d\u00e9roul\u00e9e en pr\u00e9sence &hellip;<\/p>\n","protected":false},"author":9,"featured_media":33777,"comment_status":"open","ping_status":"closed","sticky":false,"template":"","format":"standard","meta":{"footnotes":""},"categories":[434],"tags":[],"class_list":["post-33798","post","type-post","status-publish","format-standard","has-post-thumbnail","hentry","category-enseignement-superieur"],"_links":{"self":[{"href":"https:\/\/letempsmag.ma\/index.php?rest_route=\/wp\/v2\/posts\/33798","targetHints":{"allow":["GET"]}}],"collection":[{"href":"https:\/\/letempsmag.ma\/index.php?rest_route=\/wp\/v2\/posts"}],"about":[{"href":"https:\/\/letempsmag.ma\/index.php?rest_route=\/wp\/v2\/types\/post"}],"author":[{"embeddable":true,"href":"https:\/\/letempsmag.ma\/index.php?rest_route=\/wp\/v2\/users\/9"}],"replies":[{"embeddable":true,"href":"https:\/\/letempsmag.ma\/index.php?rest_route=%2Fwp%2Fv2%2Fcomments&post=33798"}],"version-history":[{"count":1,"href":"https:\/\/letempsmag.ma\/index.php?rest_route=\/wp\/v2\/posts\/33798\/revisions"}],"predecessor-version":[{"id":33799,"href":"https:\/\/letempsmag.ma\/index.php?rest_route=\/wp\/v2\/posts\/33798\/revisions\/33799"}],"wp:featuredmedia":[{"embeddable":true,"href":"https:\/\/letempsmag.ma\/index.php?rest_route=\/wp\/v2\/media\/33777"}],"wp:attachment":[{"href":"https:\/\/letempsmag.ma\/index.php?rest_route=%2Fwp%2Fv2%2Fmedia&parent=33798"}],"wp:term":[{"taxonomy":"category","embeddable":true,"href":"https:\/\/letempsmag.ma\/index.php?rest_route=%2Fwp%2Fv2%2Fcategories&post=33798"},{"taxonomy":"post_tag","embeddable":true,"href":"https:\/\/letempsmag.ma\/index.php?rest_route=%2Fwp%2Fv2%2Ftags&post=33798"}],"curies":[{"name":"wp","href":"https:\/\/api.w.org\/{rel}","templated":true}]}}