{"id":33772,"date":"2025-03-01T16:06:14","date_gmt":"2025-03-01T15:06:14","guid":{"rendered":"https:\/\/letempsmag.ma\/?p=33772"},"modified":"2025-03-01T16:06:14","modified_gmt":"2025-03-01T15:06:14","slug":"deces-de-mohamed-benaissa-ancien-chef-de-la-diplomatie-marocaine","status":"publish","type":"post","link":"https:\/\/letempsmag.ma\/?p=33772","title":{"rendered":"D\u00e9c\u00e8s de Mohamed Bena\u00efssa, ancien chef de la diplomatie marocaine"},"content":{"rendered":"\n<p>Mohamed Bena\u00efssa, ancien chef de la diplomatie marocaine, s\u2019est \u00e9teint hier \u00e0 l\u2019H\u00f4pital Militaire de Rabat, apr\u00e8s une longue maladie, rapporte notre confr\u00e8re \u00abLe360\u00bb.<\/p>\n\n\n\n<p>N\u00e9 le 3 janvier 1937 \u00e0 Assilah, le d\u00e9funt a marqu\u00e9 la vie publique au Maroc durant plusieurs d\u00e9cennies. Dipl\u00f4m\u00e9 de l\u2019Universit\u00e9 am\u00e9ricaine du Minnesota en 1963, il a occup\u00e9 des postes de premier plan, notamment celui de Ministre de la Culture (1985-1992) et celui d\u2019Ambassadeur aux \u00c9tats-Unis (1993-1999), avant d\u2019\u00eatre nomm\u00e9 Ministre des Affaires \u00e9trang\u00e8res de 1999 \u00e0 2007.<\/p>\n\n\n\n<p>Son engagement politique s\u2019est poursuivi au niveau local en tant que Pr\u00e9sident du Conseil communal d\u2019Assilah, une fonction qu\u2019il a occup\u00e9e jusqu\u2019en 2021.<\/p>\n","protected":false},"excerpt":{"rendered":"<p>Mohamed Bena\u00efssa, ancien chef de la diplomatie marocaine, s\u2019est \u00e9teint hier \u00e0 l\u2019H\u00f4pital Militaire de Rabat, apr\u00e8s une longue maladie, rapporte notre confr\u00e8re \u00abLe360\u00bb. N\u00e9 le 3 janvier 1937 \u00e0 Assilah, le d\u00e9funt a marqu\u00e9 la vie publique au Maroc durant plusieurs d\u00e9cennies. Dipl\u00f4m\u00e9 de l\u2019Universit\u00e9 am\u00e9ricaine du Minnesota en 1963, il a occup\u00e9 des &hellip;<\/p>\n","protected":false},"author":9,"featured_media":33758,"comment_status":"open","ping_status":"closed","sticky":false,"template":"","format":"standard","meta":{"footnotes":""},"categories":[75],"tags":[],"class_list":["post-33772","post","type-post","status-publish","format-standard","has-post-thumbnail","hentry","category-necrologie"],"_links":{"self":[{"href":"https:\/\/letempsmag.ma\/index.php?rest_route=\/wp\/v2\/posts\/33772","targetHints":{"allow":["GET"]}}],"collection":[{"href":"https:\/\/letempsmag.ma\/index.php?rest_route=\/wp\/v2\/posts"}],"about":[{"href":"https:\/\/letempsmag.ma\/index.php?rest_route=\/wp\/v2\/types\/post"}],"author":[{"embeddable":true,"href":"https:\/\/letempsmag.ma\/index.php?rest_route=\/wp\/v2\/users\/9"}],"replies":[{"embeddable":true,"href":"https:\/\/letempsmag.ma\/index.php?rest_route=%2Fwp%2Fv2%2Fcomments&post=33772"}],"version-history":[{"count":1,"href":"https:\/\/letempsmag.ma\/index.php?rest_route=\/wp\/v2\/posts\/33772\/revisions"}],"predecessor-version":[{"id":33773,"href":"https:\/\/letempsmag.ma\/index.php?rest_route=\/wp\/v2\/posts\/33772\/revisions\/33773"}],"wp:featuredmedia":[{"embeddable":true,"href":"https:\/\/letempsmag.ma\/index.php?rest_route=\/wp\/v2\/media\/33758"}],"wp:attachment":[{"href":"https:\/\/letempsmag.ma\/index.php?rest_route=%2Fwp%2Fv2%2Fmedia&parent=33772"}],"wp:term":[{"taxonomy":"category","embeddable":true,"href":"https:\/\/letempsmag.ma\/index.php?rest_route=%2Fwp%2Fv2%2Fcategories&post=33772"},{"taxonomy":"post_tag","embeddable":true,"href":"https:\/\/letempsmag.ma\/index.php?rest_route=%2Fwp%2Fv2%2Ftags&post=33772"}],"curies":[{"name":"wp","href":"https:\/\/api.w.org\/{rel}","templated":true}]}}