{"id":33745,"date":"2025-02-28T11:51:45","date_gmt":"2025-02-28T10:51:45","guid":{"rendered":"https:\/\/letempsmag.ma\/?p=33745"},"modified":"2025-02-28T11:51:45","modified_gmt":"2025-02-28T10:51:45","slug":"loncf-lancera-un-projet-de-tunnel-sous-le-fleuve-bouregreg","status":"publish","type":"post","link":"https:\/\/letempsmag.ma\/?p=33745","title":{"rendered":"L\u2019ONCF lancera un projet de tunnel sous le fleuve Bouregreg"},"content":{"rendered":"\n<p>L&#8217;Office National des Chemins de Fer (ONCF) a annonc\u00e9 mercredi dernier le lancement d&#8217;un nouveau projet de tunnel sous la ville de Rabat dans le cadre des pr\u00e9paratifs de la Coupe du monde de football 2030.<\/p>\n\n\n\n<p>Selon notre confr\u00e8re arabophone \u00abSabah Agadir\u00bb, le tunnel aura 3,3 km de long et son co\u00fbt est estim\u00e9 \u00e0 1,4 milliard de DH. Il sera construit sous le fleuve Bou Regreg et reliera les stations de Sal\u00e9 et d\u2019Agdal \u00e0 Rabat.&nbsp;<\/p>\n\n\n\n<p>Le projet vise \u00e0 am\u00e9liorer l&#8217;infrastructure ferroviaire, \u00e0 r\u00e9duire la pression sur le r\u00e9seau ferroviaire r\u00e9gional et \u00e0 am\u00e9liorer la fluidit\u00e9 du trafic entre Rabat et Sal\u00e9 tout en raccourcissant les temps de trajet. (Photo&nbsp;: Bladi.net).<\/p>\n","protected":false},"excerpt":{"rendered":"<p>L&#8217;Office National des Chemins de Fer (ONCF) a annonc\u00e9 mercredi dernier le lancement d&#8217;un nouveau projet de tunnel sous la ville de Rabat dans le cadre des pr\u00e9paratifs de la Coupe du monde de football 2030. Selon notre confr\u00e8re arabophone \u00abSabah Agadir\u00bb, le tunnel aura 3,3 km de long et son co\u00fbt est estim\u00e9 \u00e0 &hellip;<\/p>\n","protected":false},"author":9,"featured_media":33726,"comment_status":"open","ping_status":"closed","sticky":false,"template":"","format":"standard","meta":{"footnotes":""},"categories":[101],"tags":[],"class_list":["post-33745","post","type-post","status-publish","format-standard","has-post-thumbnail","hentry","category-infrastructures"],"_links":{"self":[{"href":"https:\/\/letempsmag.ma\/index.php?rest_route=\/wp\/v2\/posts\/33745","targetHints":{"allow":["GET"]}}],"collection":[{"href":"https:\/\/letempsmag.ma\/index.php?rest_route=\/wp\/v2\/posts"}],"about":[{"href":"https:\/\/letempsmag.ma\/index.php?rest_route=\/wp\/v2\/types\/post"}],"author":[{"embeddable":true,"href":"https:\/\/letempsmag.ma\/index.php?rest_route=\/wp\/v2\/users\/9"}],"replies":[{"embeddable":true,"href":"https:\/\/letempsmag.ma\/index.php?rest_route=%2Fwp%2Fv2%2Fcomments&post=33745"}],"version-history":[{"count":1,"href":"https:\/\/letempsmag.ma\/index.php?rest_route=\/wp\/v2\/posts\/33745\/revisions"}],"predecessor-version":[{"id":33746,"href":"https:\/\/letempsmag.ma\/index.php?rest_route=\/wp\/v2\/posts\/33745\/revisions\/33746"}],"wp:featuredmedia":[{"embeddable":true,"href":"https:\/\/letempsmag.ma\/index.php?rest_route=\/wp\/v2\/media\/33726"}],"wp:attachment":[{"href":"https:\/\/letempsmag.ma\/index.php?rest_route=%2Fwp%2Fv2%2Fmedia&parent=33745"}],"wp:term":[{"taxonomy":"category","embeddable":true,"href":"https:\/\/letempsmag.ma\/index.php?rest_route=%2Fwp%2Fv2%2Fcategories&post=33745"},{"taxonomy":"post_tag","embeddable":true,"href":"https:\/\/letempsmag.ma\/index.php?rest_route=%2Fwp%2Fv2%2Ftags&post=33745"}],"curies":[{"name":"wp","href":"https:\/\/api.w.org\/{rel}","templated":true}]}}