{"id":33741,"date":"2025-02-28T11:50:03","date_gmt":"2025-02-28T10:50:03","guid":{"rendered":"https:\/\/letempsmag.ma\/?p=33741"},"modified":"2025-02-28T11:50:03","modified_gmt":"2025-02-28T10:50:03","slug":"la-fondation-jadara-et-concentrix-sengagent-pour-la-formation-et-linsertion-des-jeunes","status":"publish","type":"post","link":"https:\/\/letempsmag.ma\/?p=33741","title":{"rendered":"La Fondation JADARA et Concentrix s\u2019engagent pour la formation et l\u2019insertion des jeunes"},"content":{"rendered":"\n<p>Concentrix, leader mondial des services technologiques d\u00e9di\u00e9s \u00e0 l\u2019exp\u00e9rience client, et la Fondation JADARA, r\u00e9put\u00e9e pour son engagement en faveur de l\u2019\u00e9ducation, annoncent la signature d\u2019un partenariat strat\u00e9gique pour soutenir l\u2019\u00e9ducation et l\u2019insertion professionnelle des jeunes dans le domaine des technologies. La signature a eu lieu au Technopark d\u2019Agadir, suite \u00e0 une visite \u00e0 la Souss Massa Tech Academy.<\/p>\n\n\n\n<p>Le partenariat ambitieux vise \u00e0 offrir des formations, des ateliers th\u00e9matiques et des opportunit\u00e9s professionnelles aux jeunes talents, avec un accent particulier sur les nouvelles technologies. L\u2019objectif&nbsp;: pr\u00e9parer cette nouvelle g\u00e9n\u00e9ration aux d\u00e9fis du march\u00e9 du travail, notamment dans des secteurs \u00e9mergents comme l\u2019intelligence artificielle.<\/p>\n\n\n\n<p>Concentrix, qui s\u2019oriente de plus en plus vers l\u2019utilisation de l\u2019intelligence artificielle et des technologies de pointe, met un point d\u2019honneur \u00e0 accompagner les jeunes talents. Dans le cadre de cette collaboration, l\u2019entreprise mobilisera ses collaborateurs b\u00e9n\u00e9voles pour guider et former les jeunes b\u00e9n\u00e9ficiaires de la Fondation JADARA. L\u2019objectif \u00e9tant de fournir les comp\u00e9tences n\u00e9cessaires pour acc\u00e9der aux m\u00e9tiers technologiques de demain, tout en facilitant leur insertion professionnelle.<\/p>\n\n\n\n<p>Redouane Mabchour, Directeur G\u00e9n\u00e9ral de Concentrix pour le Maghreb, souligne l\u2019importance de ce partenariat&nbsp;: \u00abNotre collaboration avec la Fondation JADARA refl\u00e8te notre engagement envers l\u2019insertion professionnelle des jeunes talents. Ensemble, nous pouvons faire une diff\u00e9rence significative et pr\u00e9parer cette g\u00e9n\u00e9ration aux nouveaux m\u00e9tiers de demain\u00bb.<\/p>\n\n\n\n<p>De son c\u00f4t\u00e9, Hamid Ben Elafdil, Pr\u00e9sident de la Fondation JADARA, exprime son enthousiasme sur cette nouvelle alliance&nbsp;: \u00abNous sommes ravis de travailler avec Concentrix pour fournir un soutien concret et efficace aux jeunes m\u00e9ritants. Cette initiative est un pas en avant vers notre objectif de garantir une meilleure int\u00e9gration socio-\u00e9conomique des jeunes dans le secteur technologique\u00bb.<\/p>\n\n\n\n<p>Le partenariat prend effet imm\u00e9diatement, avec des premiers ateliers et sessions de mentorat d\u00e9j\u00e0 planifi\u00e9s. Gr\u00e2ce \u00e0 cette collaboration, Concentrix et la Fondation JADARA esp\u00e8rent contribuer \u00e0 r\u00e9duire les in\u00e9galit\u00e9s d\u2019acc\u00e8s \u00e0 l\u2019\u00e9ducation et \u00e0 l\u2019emploi dans les secteurs technologiques, en offrant aux jeunes des opportunit\u00e9s concr\u00e8tes d\u2019\u00e9panouissement professionnel. (Photo&nbsp;: L\u2019Opinion Maroc).<\/p>\n\n\n\n<p><strong>L. F.<\/strong><\/p>\n","protected":false},"excerpt":{"rendered":"<p>Concentrix, leader mondial des services technologiques d\u00e9di\u00e9s \u00e0 l\u2019exp\u00e9rience client, et la Fondation JADARA, r\u00e9put\u00e9e pour son engagement en faveur de l\u2019\u00e9ducation, annoncent la signature d\u2019un partenariat strat\u00e9gique pour soutenir l\u2019\u00e9ducation et l\u2019insertion professionnelle des jeunes dans le domaine des technologies. La signature a eu lieu au Technopark d\u2019Agadir, suite \u00e0 une visite \u00e0 la &hellip;<\/p>\n","protected":false},"author":9,"featured_media":33730,"comment_status":"open","ping_status":"closed","sticky":false,"template":"","format":"standard","meta":{"footnotes":""},"categories":[122],"tags":[],"class_list":["post-33741","post","type-post","status-publish","format-standard","has-post-thumbnail","hentry","category-competences"],"_links":{"self":[{"href":"https:\/\/letempsmag.ma\/index.php?rest_route=\/wp\/v2\/posts\/33741","targetHints":{"allow":["GET"]}}],"collection":[{"href":"https:\/\/letempsmag.ma\/index.php?rest_route=\/wp\/v2\/posts"}],"about":[{"href":"https:\/\/letempsmag.ma\/index.php?rest_route=\/wp\/v2\/types\/post"}],"author":[{"embeddable":true,"href":"https:\/\/letempsmag.ma\/index.php?rest_route=\/wp\/v2\/users\/9"}],"replies":[{"embeddable":true,"href":"https:\/\/letempsmag.ma\/index.php?rest_route=%2Fwp%2Fv2%2Fcomments&post=33741"}],"version-history":[{"count":1,"href":"https:\/\/letempsmag.ma\/index.php?rest_route=\/wp\/v2\/posts\/33741\/revisions"}],"predecessor-version":[{"id":33742,"href":"https:\/\/letempsmag.ma\/index.php?rest_route=\/wp\/v2\/posts\/33741\/revisions\/33742"}],"wp:featuredmedia":[{"embeddable":true,"href":"https:\/\/letempsmag.ma\/index.php?rest_route=\/wp\/v2\/media\/33730"}],"wp:attachment":[{"href":"https:\/\/letempsmag.ma\/index.php?rest_route=%2Fwp%2Fv2%2Fmedia&parent=33741"}],"wp:term":[{"taxonomy":"category","embeddable":true,"href":"https:\/\/letempsmag.ma\/index.php?rest_route=%2Fwp%2Fv2%2Fcategories&post=33741"},{"taxonomy":"post_tag","embeddable":true,"href":"https:\/\/letempsmag.ma\/index.php?rest_route=%2Fwp%2Fv2%2Ftags&post=33741"}],"curies":[{"name":"wp","href":"https:\/\/api.w.org\/{rel}","templated":true}]}}