{"id":33710,"date":"2025-02-27T11:30:47","date_gmt":"2025-02-27T10:30:47","guid":{"rendered":"https:\/\/letempsmag.ma\/?p=33710"},"modified":"2025-02-27T11:30:47","modified_gmt":"2025-02-27T10:30:47","slug":"la-french-tech-maroc-accueille-william-simoncelli-son-nouveau-president","status":"publish","type":"post","link":"https:\/\/letempsmag.ma\/?p=33710","title":{"rendered":"La French Tech Maroc accueille William Simoncelli, son nouveau Pr\u00e9sident"},"content":{"rendered":"\n<p>La French Tech Maroc marque un tournant important avec l\u2019\u00e9lection de William Simoncelli \u00e0 la pr\u00e9sidence de la communaut\u00e9 pour un mandat de trois ans. Ce mandat, qui s\u2019\u00e9tend jusqu\u2019au 31 d\u00e9cembre 2027, s\u2019inscrit dans une dynamique de continuit\u00e9 et d\u2019innovation visant \u00e0 renforcer l&#8217;\u00e9cosyst\u00e8me technologique du Royaume.<\/p>\n\n\n\n<p>William Simoncelli succ\u00e8de \u00e0 J\u00e9r\u00f4me Mouthon, co-fondateur de l\u2019association et Pr\u00e9sident sortant. Sous son mandat, la French Tech Maroc a gagn\u00e9 en visibilit\u00e9 et en influence, devenant un acteur cl\u00e9 de l\u2019innovation au Maroc.<\/p>\n\n\n\n<p>L\u2019arriv\u00e9e de William Simoncelli, entrepreneur aguerri et expert en innovation dans le secteur immobilier, incarne une volont\u00e9 de poursuivre l\u2019\u00e9volution de cette dynamique. Co-fondateur du GIE StatImmo Maroc et acteur important de la transformation num\u00e9rique de l\u2019immobilier, il s\u2019engage d\u00e9sormais \u00e0 renforcer la French Tech Maroc et \u00e0 acc\u00e9l\u00e9rer l\u2019int\u00e9gration des nouvelles technologies dans le tissu \u00e9conomique marocain.<\/p>\n\n\n\n<p>Fort de son exp\u00e9rience, le nouveau Pr\u00e9sident de la French Tech Maroc entend capitaliser sur les r\u00e9ussites pass\u00e9es tout en ouvrant de nouvelles perspectives. L\u2019un des axes majeurs de son mandat sera le renforcement des commissions th\u00e9matiques, des espaces d\u2019action strat\u00e9giques pour les acteurs du secteur. La premi\u00e8re grande initiative de son mandat sera le lancement de la commission Cybertech, d\u00e9di\u00e9e \u00e0 la cybers\u00e9curit\u00e9 et \u00e0 la protection des infrastructures num\u00e9riques, un domaine de plus en plus crucial \u00e0 l\u2019\u00e8re de la digitalisation. J\u00e9r\u00e9my Dubourg, co-fondateur de D&amp;A Trust, assurera la pr\u00e9sidence de cette commission.<\/p>\n\n\n\n<p>Dans la m\u00eame dynamique, d\u2019autres commissions verront bient\u00f4t le jour, notamment dans les secteurs de l\u2019Adtech\/Martech, de l&#8217;Edtech et de l\u2019Intelligence Artificielle, avec pour objectif de r\u00e9pondre aux enjeux technologiques et \u00e9conomiques du Royaume. Ces commissions seront des plateformes d\u2019\u00e9change et de collaboration, permettant aux entrepreneurs marocains de se connecter avec des homologues \u00e0 l\u2019international.<\/p>\n\n\n\n<p>Sous la pr\u00e9sidence de William Simoncelli, la French Tech Maroc mettra l\u2019accent notamment sur le renforcement de la connectivit\u00e9 avec les autres communaut\u00e9s French Tech \u00e0 travers le monde. Ce r\u00e9seau de 66 communaut\u00e9s permet aux entrepreneurs marocains de collaborer et d\u2019\u00e9changer des id\u00e9es avec leurs pairs dans des \u00e9cosyst\u00e8mes internationaux, qu\u2019il s\u2019agisse de la France, de l\u2019Europe ou de l\u2019Afrique. L\u2019ambition est claire : favoriser les synergies et cr\u00e9er un environnement propice \u00e0 l\u2019\u00e9mergence de champions r\u00e9gionaux et nationaux.<\/p>\n\n\n\n<p>Pour William Simoncelli, l\u2019avenir de la French Tech Maroc repose sur sa capacit\u00e9 \u00e0 rassembler les acteurs du secteur, \u00e0 inspirer les g\u00e9n\u00e9rations futures et \u00e0 catalyser le d\u00e9veloppement de l&#8217;innovation. \u00abNous voulons offrir aux startups, aux entrepreneurs et aux investisseurs les outils n\u00e9cessaires pour r\u00e9ussir \u00e0 la fois sur le march\u00e9 marocain et \u00e0 l\u2019international\u00bb, explique-t-il.<\/p>\n\n\n\n<p>Depuis sa labellisation en 2017, la French Tech Maroc est devenue une composante essentielle de l\u2019\u00e9cosyst\u00e8me entrepreneurial marocain. En plus des programmes de soutien aux startups et des \u00e9v\u00e9nements comme les \u00abFrench Tech Days\u00bb, l\u2019association \u0153uvre sans rel\u00e2che pour la cr\u00e9ation d\u2019opportunit\u00e9s et la mise en relation des acteurs de l\u2019innovation. Sous cette nouvelle pr\u00e9sidence, l\u2019objectif est de continuer \u00e0 faire cro\u00eetre ce r\u00e9seau et \u00e0 renforcer les liens avec les grandes \u00e9coles et incubateurs marocains.<\/p>\n\n\n\n<p>L\u2019ensemble des acteurs de la French Tech Maroc s\u2019accorde \u00e0 dire que l\u2019association doit jouer un r\u00f4le de catalyseur pour le d\u00e9veloppement de l&#8217;innovation, et ce, gr\u00e2ce \u00e0 la synergie entre les entrepreneurs, les startups et les investisseurs. \u00abL\u2019ampleur de notre impact d\u00e9pendra de notre capacit\u00e9 \u00e0 rassembler, \u00e0 inspirer et \u00e0 agir ensemble\u00bb, confie William Simoncelli.<\/p>\n\n\n\n<p><strong>L. F.<\/strong><\/p>\n","protected":false},"excerpt":{"rendered":"<p>La French Tech Maroc marque un tournant important avec l\u2019\u00e9lection de William Simoncelli \u00e0 la pr\u00e9sidence de la communaut\u00e9 pour un mandat de trois ans. Ce mandat, qui s\u2019\u00e9tend jusqu\u2019au 31 d\u00e9cembre 2027, s\u2019inscrit dans une dynamique de continuit\u00e9 et d\u2019innovation visant \u00e0 renforcer l&#8217;\u00e9cosyst\u00e8me technologique du Royaume. William Simoncelli succ\u00e8de \u00e0 J\u00e9r\u00f4me Mouthon, co-fondateur &hellip;<\/p>\n","protected":false},"author":9,"featured_media":33700,"comment_status":"open","ping_status":"closed","sticky":false,"template":"","format":"standard","meta":{"footnotes":""},"categories":[114],"tags":[],"class_list":["post-33710","post","type-post","status-publish","format-standard","has-post-thumbnail","hentry","category-technologies"],"_links":{"self":[{"href":"https:\/\/letempsmag.ma\/index.php?rest_route=\/wp\/v2\/posts\/33710","targetHints":{"allow":["GET"]}}],"collection":[{"href":"https:\/\/letempsmag.ma\/index.php?rest_route=\/wp\/v2\/posts"}],"about":[{"href":"https:\/\/letempsmag.ma\/index.php?rest_route=\/wp\/v2\/types\/post"}],"author":[{"embeddable":true,"href":"https:\/\/letempsmag.ma\/index.php?rest_route=\/wp\/v2\/users\/9"}],"replies":[{"embeddable":true,"href":"https:\/\/letempsmag.ma\/index.php?rest_route=%2Fwp%2Fv2%2Fcomments&post=33710"}],"version-history":[{"count":1,"href":"https:\/\/letempsmag.ma\/index.php?rest_route=\/wp\/v2\/posts\/33710\/revisions"}],"predecessor-version":[{"id":33711,"href":"https:\/\/letempsmag.ma\/index.php?rest_route=\/wp\/v2\/posts\/33710\/revisions\/33711"}],"wp:featuredmedia":[{"embeddable":true,"href":"https:\/\/letempsmag.ma\/index.php?rest_route=\/wp\/v2\/media\/33700"}],"wp:attachment":[{"href":"https:\/\/letempsmag.ma\/index.php?rest_route=%2Fwp%2Fv2%2Fmedia&parent=33710"}],"wp:term":[{"taxonomy":"category","embeddable":true,"href":"https:\/\/letempsmag.ma\/index.php?rest_route=%2Fwp%2Fv2%2Fcategories&post=33710"},{"taxonomy":"post_tag","embeddable":true,"href":"https:\/\/letempsmag.ma\/index.php?rest_route=%2Fwp%2Fv2%2Ftags&post=33710"}],"curies":[{"name":"wp","href":"https:\/\/api.w.org\/{rel}","templated":true}]}}