{"id":33708,"date":"2025-02-27T11:29:38","date_gmt":"2025-02-27T10:29:38","guid":{"rendered":"https:\/\/letempsmag.ma\/?p=33708"},"modified":"2025-02-27T11:29:38","modified_gmt":"2025-02-27T10:29:38","slug":"vernissage-de-khaliya-3-un-trait-dunion-entre-le-maroc-et-sa-diaspora","status":"publish","type":"post","link":"https:\/\/letempsmag.ma\/?p=33708","title":{"rendered":"Vernissage de \u00abKhaliya 3\u00bb, un trait d\u2019union entre le Maroc et sa diaspora"},"content":{"rendered":"\n<p>Le caf\u00e9 La Sc\u00e8ne \u00e0 Rabat sera aujourd\u2019hui, 27 f\u00e9vrier \u00e0 18h30, le th\u00e9\u00e2tre d&#8217;une rencontre artistique \u00e0 l&#8217;occasion du vernissage de la bande dessin\u00e9e \u00abKhaliya 3&nbsp;: d\u2019ici et d\u2019ailleurs\u00bb. L\u2019\u00e9v\u00e9nement est organis\u00e9 par la Fondation Hiba, le Conseil de la Communaut\u00e9 Marocaine \u00e0 l\u2019\u00c9tranger (CCME) et la Fondation Al Mada. Il mettra en lumi\u00e8re une initiative ambitieuse qui rapproche les cultures et les g\u00e9n\u00e9rations \u00e0 travers la bande dessin\u00e9e. L&#8217;\u00e9v\u00e9nement se d\u00e9roulera en pr\u00e9sence des artistes et des partenaires du projet.<\/p>\n\n\n\n<p>\u00abKhaliya 3\u00bb est une \u0153uvre n\u00e9e d\u2019une r\u00e9sidence artistique qui a r\u00e9uni dix jeunes talents originaires du Maroc, de la France et de la Belgique. Ces artistes ont explor\u00e9 les diff\u00e9rentes formes de \u00ablien\u00bb, qu\u2019il soit culturel, familial ou m\u00e9moriel. Sous la direction artistique de Zineb Benjelloun (Maroc) et Rakidd (France), les participants ont travaill\u00e9 ensemble pour donner vie \u00e0 cette r\u00e9flexion graphique sur les racines et la transmission.<\/p>\n\n\n\n<p>\u00c0 travers des ateliers et des masterclasses anim\u00e9es par des figures de la sc\u00e8ne artistique comme Hicham Lasri (\u00e0 gauche sur la photo) et Aniss El Hammouri (\u00e0 droite sur la photo), les jeunes cr\u00e9ateurs ont \u00e9t\u00e9 plong\u00e9s dans un processus de co-cr\u00e9ation. Ces sessions ont permis de nourrir des \u00e9changes sur des th\u00e9matiques universelles telles que la famille, l\u2019amiti\u00e9, mais aussi l&#8217;alt\u00e9rit\u00e9, tout en offrant aux jeunes talents un espace d\u2019expression \u00e0 la crois\u00e9e des cultures et des parcours.<\/p>\n\n\n\n<p>La r\u00e9sidence a \u00e9t\u00e9 une opportunit\u00e9 de renforcer les liens entre les jeunes du Maroc et de sa diaspora. Elle a permis de cr\u00e9er un espace d\u2019\u00e9change autour de la bande dessin\u00e9e, consid\u00e9r\u00e9e comme un puissant vecteur d\u2019expression et de partage culturel. Cette initiative vise \u00e9galement \u00e0 promouvoir la BD comme un art majeur au Maroc, un secteur encore \u00e9mergent mais en pleine expansion. \u00c0 ce jour, la Fondation Hiba, \u00e0 l&#8217;origine du projet, a d\u00e9j\u00e0 vu na\u00eetre deux autres albums&nbsp;: \u00abZan9a La Rue\u00bb (2022) et \u00abKhatar L\u2019mawt\u00bb (2023).<\/p>\n\n\n\n<p>Le vernissage sera l\u2019occasion de d\u00e9couvrir le fruit de cette collaboration artistique entre des cr\u00e9ateurs de diff\u00e9rents horizons. Parmi les artistes qui seront pr\u00e9sents, A\u00efcha Abouhaj, une cr\u00e9atrice marocaine bas\u00e9e \u00e0 Casablanca qui m\u00eale design graphique et art traditionnel berb\u00e8re, Merieme Mesfioui, illustratrice franco-marocaine engag\u00e9e pour les droits des femmes et des minorit\u00e9s, et Amine Rharbi, artiste multidisciplinaire qui explore la complexit\u00e9 de l\u2019\u00e2me humaine \u00e0 travers des \u0153uvres po\u00e9tiques. D\u2019autres talents, tels que Mizmiz, Hind Kharifi et Ibticem Larbi, viendront \u00e9galement enrichir cette exposition, chacun apportant son propre regard sur l\u2019art et la culture marocaine.<\/p>\n\n\n\n<p>Cette rencontre ne se limite pas \u00e0 une simple exposition. Elle incarne un v\u00e9ritable projet de rapprochement des jeunes g\u00e9n\u00e9rations issues du Maroc et de sa diaspora, un projet o\u00f9 la culture et la cr\u00e9ation artistique servent de ponts pour un dialogue enrichissant.<\/p>\n\n\n\n<p>Le projet \u00abKhaliya\u00bb constitue une plateforme pour des r\u00e9sidences artistiques d\u00e9di\u00e9es \u00e0 la bande dessin\u00e9e, dont l\u2019objectif est de stimuler la cr\u00e9ation, d\u00e9couvrir de nouveaux talents et offrir un espace d&#8217;exp\u00e9rimentation artistique. Le vernissage s\u2019annonce comme un moment fort pour les passionn\u00e9s de bande dessin\u00e9e, les amoureux de la culture et ceux qui croient au pouvoir de l\u2019art pour rapprocher les peuples. L&#8217;initiative illustre parfaitement la volont\u00e9 de faire de la culture un lieu de rencontre et de dialogue, transcendant les fronti\u00e8res g\u00e9ographiques et g\u00e9n\u00e9rationnelles.<\/p>\n\n\n\n<p><strong><em>\u00c0 propos des organisateurs<\/em><\/strong><\/p>\n\n\n\n<p>&#8211; Fondation Hiba&nbsp;: cr\u00e9\u00e9e en 2006 \u00e0 l\u2019initiative de S.M. le Roi Mohammed VI, elle \u0153uvre \u00e0 soutenir la cr\u00e9ation, promouvoir les arts \u00e9mergents et d\u00e9mocratiser l\u2019acc\u00e8s \u00e0 la culture au Maroc.<\/p>\n\n\n\n<p>&#8211; Conseil de la Communaut\u00e9 Marocaine \u00e0 l\u2019\u00c9tranger (CCME)&nbsp;: Institution nationale d\u00e9di\u00e9e \u00e0 renforcer les liens culturels, sociaux et \u00e9conomiques entre le Maroc et ses citoyens de l\u2019\u00e9tranger.<\/p>\n\n\n\n<p>&#8211; Fondation Al Mada&nbsp;: op\u00e9rateur majeur dans la promotion de l&#8217;art, de la culture et de l\u2019\u00e9ducation, avec une attention particuli\u00e8re port\u00e9e aux jeunes talents marocains et africains.<\/p>\n\n\n\n<p><strong>L. F.<\/strong><\/p>\n","protected":false},"excerpt":{"rendered":"<p>Le caf\u00e9 La Sc\u00e8ne \u00e0 Rabat sera aujourd\u2019hui, 27 f\u00e9vrier \u00e0 18h30, le th\u00e9\u00e2tre d&#8217;une rencontre artistique \u00e0 l&#8217;occasion du vernissage de la bande dessin\u00e9e \u00abKhaliya 3&nbsp;: d\u2019ici et d\u2019ailleurs\u00bb. L\u2019\u00e9v\u00e9nement est organis\u00e9 par la Fondation Hiba, le Conseil de la Communaut\u00e9 Marocaine \u00e0 l\u2019\u00c9tranger (CCME) et la Fondation Al Mada. Il mettra en lumi\u00e8re &hellip;<\/p>\n","protected":false},"author":9,"featured_media":33704,"comment_status":"open","ping_status":"closed","sticky":false,"template":"","format":"standard","meta":{"footnotes":""},"categories":[1453],"tags":[],"class_list":["post-33708","post","type-post","status-publish","format-standard","has-post-thumbnail","hentry","category-bande-dessinee"],"_links":{"self":[{"href":"https:\/\/letempsmag.ma\/index.php?rest_route=\/wp\/v2\/posts\/33708","targetHints":{"allow":["GET"]}}],"collection":[{"href":"https:\/\/letempsmag.ma\/index.php?rest_route=\/wp\/v2\/posts"}],"about":[{"href":"https:\/\/letempsmag.ma\/index.php?rest_route=\/wp\/v2\/types\/post"}],"author":[{"embeddable":true,"href":"https:\/\/letempsmag.ma\/index.php?rest_route=\/wp\/v2\/users\/9"}],"replies":[{"embeddable":true,"href":"https:\/\/letempsmag.ma\/index.php?rest_route=%2Fwp%2Fv2%2Fcomments&post=33708"}],"version-history":[{"count":1,"href":"https:\/\/letempsmag.ma\/index.php?rest_route=\/wp\/v2\/posts\/33708\/revisions"}],"predecessor-version":[{"id":33709,"href":"https:\/\/letempsmag.ma\/index.php?rest_route=\/wp\/v2\/posts\/33708\/revisions\/33709"}],"wp:featuredmedia":[{"embeddable":true,"href":"https:\/\/letempsmag.ma\/index.php?rest_route=\/wp\/v2\/media\/33704"}],"wp:attachment":[{"href":"https:\/\/letempsmag.ma\/index.php?rest_route=%2Fwp%2Fv2%2Fmedia&parent=33708"}],"wp:term":[{"taxonomy":"category","embeddable":true,"href":"https:\/\/letempsmag.ma\/index.php?rest_route=%2Fwp%2Fv2%2Fcategories&post=33708"},{"taxonomy":"post_tag","embeddable":true,"href":"https:\/\/letempsmag.ma\/index.php?rest_route=%2Fwp%2Fv2%2Ftags&post=33708"}],"curies":[{"name":"wp","href":"https:\/\/api.w.org\/{rel}","templated":true}]}}