{"id":33697,"date":"2025-02-27T11:26:06","date_gmt":"2025-02-27T10:26:06","guid":{"rendered":"https:\/\/letempsmag.ma\/?p=33697"},"modified":"2025-02-27T11:26:06","modified_gmt":"2025-02-27T10:26:06","slug":"rabat-a-accueilli-les-evades-de-tindouf-oeuvre-magistrale-dabdelhak-najib","status":"publish","type":"post","link":"https:\/\/letempsmag.ma\/?p=33697","title":{"rendered":"Rabat a accueilli \u00abLes \u00e9vad\u00e9s de Tindouf\u00bb, \u0153uvre magistrale d\u2019Abdelhak Najib"},"content":{"rendered":"\n<p>L&#8217;avant-premi\u00e8re du long-m\u00e9trage \u00abLes \u00e9vad\u00e9s de Tindouf\u00bb, de son r\u00e9alisateur, l\u2019\u00e9crivain et journaliste Abdelhak Najib, a \u00e9t\u00e9 projet\u00e9e, hier mercredi, au cin\u00e9ma Renaissance de Rabat. Le film retrace des histoires humaines qui d\u00e9noncent les atrocit\u00e9s commises par le \u00abPolisario\u00bb contre les s\u00e9questr\u00e9s marocains dans les camps de Tindouf, au Sud-ouest de l\u2019Alg\u00e9rie, et les tentatives de ces derniers pour fuir ces ge\u00f4les et regagner la m\u00e8re Patrie.<\/p>\n\n\n\n<p>Le synopsis du film raconte l\u2019histoire de cinq protagonistes (trois hommes et deux femmes) ayant r\u00e9ussi \u00e0 prendre la fuite des camps de Tindouf pour se retrouver dans un d\u00e9sert, mus par la volont\u00e9 de regagner le Maroc. Bravant toutes les difficult\u00e9s, les dangers et les \u00e9preuves que cela implique, les cinq \u00e9vad\u00e9s ont r\u00e9ussi, vaille que vaille, \u00e0 concr\u00e9tiser un r\u00eave apr\u00e8s plusieurs d\u00e9cennies de s\u00e9questration.<\/p>\n\n\n\n<p>Dans une d\u00e9claration \u00e0 la MAP, Abdelhak Najib a soulign\u00e9 que le film \u00abLes \u00e9vad\u00e9s de Tindouf\u00bb jette la lumi\u00e8re sur des histoires humaines refl\u00e9tant la r\u00e9silience des Marocains dans les camps de Tindouf et leur attachement \u00e0 la m\u00e8re patrie, notant que le but de cette \u0153uvre cin\u00e9matographique est de r\u00e9v\u00e9ler au grand jour les diff\u00e9rentes formes de torture subies par ces Marocains pendant plusieurs d\u00e9cennies dans les ge\u00f4les du \u00abPolisario\u00bb, soutenu par l&#8217;Alg\u00e9rie.<\/p>\n\n\n\n<p>Abdelhak Najib, \u00e9galement sc\u00e9nariste du film, a ajout\u00e9 que ce long-m\u00e9trage constitue un engagement dans le processus de plaidoyer en faveur de la question du Sahara marocain, qui vit sous le rythme d&#8217;un dynamisme exceptionnel sous la conduite de S.M. le Roi Mohammed VI.<\/p>\n\n\n\n<p>De son c\u00f4t\u00e9, l\u2019acteur Driss Roukhe a pr\u00e9cis\u00e9 que ce film incarne la forte implication des artistes marocains dans la d\u00e9fense de l&#8217;int\u00e9grit\u00e9 territoriale du Royaume et de la marocanit\u00e9 du Sahara. Le film relate les histoires de Marocains et Marocaines, \u00e9puis\u00e9s psychologiquement et physiquement, ayant \u00e9t\u00e9 victimes de diff\u00e9rentes formes de tortures commises par le \u00abPolisario\u00bb, a pr\u00e9cis\u00e9 Driss Roukhe, notant qu\u2019\u00e0 travers leurs histoires authentiques, \u00abNous r\u00e9v\u00e9lons au monde les atrocit\u00e9s de cette milice et mettons en avant la capacit\u00e9 des Marocains \u00e0 rester unis\u00bb.<\/p>\n\n\n\n<p>Outre Driss Roukhe et Abdelhak Najib, ce film met en sc\u00e8ne un casting talentueux compos\u00e9 notamment de Mohamed Choubi, Kamal Haimoud, Yassine Abdelkader, Mohcine Mountaki, Mohamed Simoka, Karim Oujil, Abdelhak Najib, Imane Kendili et Aliaa Bencheikh.<\/p>\n\n\n\n<p>\u00c0 noter que le staff du film pr\u00e9voit une tourn\u00e9e africaine pour projeter le film \u00e0 partir de d\u00e9but avril prochain dans plusieurs capitales africaines, notamment Dakar (S\u00e9n\u00e9gal), Lom\u00e9 (Togo), Abidjan (C\u00f4te d&#8217;Ivoire), Kigali (Rwanda) et Accra (Ghana).<\/p>\n\n\n\n<p>Une tourn\u00e9e similaire en Espagne et dans certains pays d&#8217;Am\u00e9rique latine est \u00e9galement envisag\u00e9e, le but \u00e9tant de r\u00e9v\u00e9ler au grand jour les violations des droits de l&#8217;Homme dans les camps de Tindouf et de faire conna\u00eetre la justesse de la cause nationale du Royaume.<\/p>\n\n\n\n<p>En plus de ces deux tourn\u00e9es, cette \u0153uvre cin\u00e9matographique participera \u00e9galement \u00e0 plusieurs festivals de cin\u00e9ma internationaux. Pour l\u2019instant, le film est disponible en 5 langues (arabe, fran\u00e7ais, anglais, allemand et italien) et a \u00e9t\u00e9 s\u00e9lectionn\u00e9 dans 12 festivals internationaux, dont le Festival International du Film de Dublin et le Festival International du Film de la Mer Rouge.<\/p>\n","protected":false},"excerpt":{"rendered":"<p>L&#8217;avant-premi\u00e8re du long-m\u00e9trage \u00abLes \u00e9vad\u00e9s de Tindouf\u00bb, de son r\u00e9alisateur, l\u2019\u00e9crivain et journaliste Abdelhak Najib, a \u00e9t\u00e9 projet\u00e9e, hier mercredi, au cin\u00e9ma Renaissance de Rabat. Le film retrace des histoires humaines qui d\u00e9noncent les atrocit\u00e9s commises par le \u00abPolisario\u00bb contre les s\u00e9questr\u00e9s marocains dans les camps de Tindouf, au Sud-ouest de l\u2019Alg\u00e9rie, et les tentatives &hellip;<\/p>\n","protected":false},"author":9,"featured_media":33703,"comment_status":"open","ping_status":"closed","sticky":false,"template":"","format":"standard","meta":{"footnotes":""},"categories":[273],"tags":[],"class_list":["post-33697","post","type-post","status-publish","format-standard","has-post-thumbnail","hentry","category-cinema-2"],"_links":{"self":[{"href":"https:\/\/letempsmag.ma\/index.php?rest_route=\/wp\/v2\/posts\/33697","targetHints":{"allow":["GET"]}}],"collection":[{"href":"https:\/\/letempsmag.ma\/index.php?rest_route=\/wp\/v2\/posts"}],"about":[{"href":"https:\/\/letempsmag.ma\/index.php?rest_route=\/wp\/v2\/types\/post"}],"author":[{"embeddable":true,"href":"https:\/\/letempsmag.ma\/index.php?rest_route=\/wp\/v2\/users\/9"}],"replies":[{"embeddable":true,"href":"https:\/\/letempsmag.ma\/index.php?rest_route=%2Fwp%2Fv2%2Fcomments&post=33697"}],"version-history":[{"count":1,"href":"https:\/\/letempsmag.ma\/index.php?rest_route=\/wp\/v2\/posts\/33697\/revisions"}],"predecessor-version":[{"id":33705,"href":"https:\/\/letempsmag.ma\/index.php?rest_route=\/wp\/v2\/posts\/33697\/revisions\/33705"}],"wp:featuredmedia":[{"embeddable":true,"href":"https:\/\/letempsmag.ma\/index.php?rest_route=\/wp\/v2\/media\/33703"}],"wp:attachment":[{"href":"https:\/\/letempsmag.ma\/index.php?rest_route=%2Fwp%2Fv2%2Fmedia&parent=33697"}],"wp:term":[{"taxonomy":"category","embeddable":true,"href":"https:\/\/letempsmag.ma\/index.php?rest_route=%2Fwp%2Fv2%2Fcategories&post=33697"},{"taxonomy":"post_tag","embeddable":true,"href":"https:\/\/letempsmag.ma\/index.php?rest_route=%2Fwp%2Fv2%2Ftags&post=33697"}],"curies":[{"name":"wp","href":"https:\/\/api.w.org\/{rel}","templated":true}]}}