{"id":33676,"date":"2025-02-25T12:19:31","date_gmt":"2025-02-25T11:19:31","guid":{"rendered":"https:\/\/letempsmag.ma\/?p=33676"},"modified":"2025-02-25T12:19:31","modified_gmt":"2025-02-25T11:19:31","slug":"le-bcij-explique-comment-le-maroc-fait-face-a-une-double-menace","status":"publish","type":"post","link":"https:\/\/letempsmag.ma\/?p=33676","title":{"rendered":"Le BCIJ explique comment le Maroc fait face \u00e0 une double menace"},"content":{"rendered":"\n<p>Lors d\u2019un point de presse organis\u00e9 hier \u00e0 Sal\u00e9 par le BCIJ (Bureau Central d\u2019Investigations Judiciaires), relevant de la DGST (Direction G\u00e9n\u00e9rale de la Surveillance du Territoire, le Directeur Cherkaoui Habboub a affirm\u00e9 que \u00abLe d\u00e9mant\u00e8lement de la cellule de \u00abDaech\u00bb, peu de temps apr\u00e8s la neutralisation de celle des trois fr\u00e8res, marqu\u00e9es toutes les deux par l\u2019influence externe en termes de recrutement, d\u2019endoctrinement id\u00e9ologique et op\u00e9rationnel, montre concr\u00e8tement que le Maroc fait face simultan\u00e9ment \u00e0 des menaces terroristes externes et internes\u00bb. Il a ajout\u00e9 que \u00abCela se traduit par l\u2019implication d\u2019\u00e9l\u00e9ments locaux dans l\u2019agenda expansionniste des organisations terroristes actives dans la r\u00e9gion du Sahel\u00bb.<\/p>\n\n\n\n<p>\u00abPour relier le pass\u00e9 de ces menaces externes au pr\u00e9sent, il faut rappeler la sortie m\u00e9diatique de l\u2019ancien \u00ab\u00e9mir\u00bb d\u2019\u00abAl-Qa\u00efda au Maghreb Islamique\u00bb, Abdelmalek Droukdel, le 9 mai 2007, et le communiqu\u00e9 du commandement g\u00e9n\u00e9ral d\u2019 \u00abAl Qa\u00efda\u00bb, du 18 novembre 2023, ainsi que les communiqu\u00e9s de \u00abDaech\u00bb citant explicitement le Maroc\u00bb, a indiqu\u00e9 le patron du BCIJ. \u00abL\u2019exp\u00e9rience marocaine regorge d\u2019exemples illustrant l\u2019acharnement des groupes terroristes \u00e0 vouloir cibler le Maroc\u00bb, a d\u00e9clar\u00e9 le haut responsable s\u00e9curitaire.<\/p>\n\n\n\n<p>Le Directeur du BCIJ a par ailleurs soulign\u00e9 qu\u2019au-del\u00e0 des nombreuses cellules d\u00e9mantel\u00e9es, qui planifiaient des attaques au Maroc, la pr\u00e9sence de cadres marocains au sein des groupes terroristes actifs au Sahel africain, accro\u00eet le niveau de menace provenant de cette r\u00e9gion, d\u00e8s lors que ces derniers scrutaient l\u2019opportunit\u00e9 d\u2019\u00e9tendre l\u2019activisme de leurs groupes \u00e0 l\u2019int\u00e9rieur du Royaume. Selon Cherkaoui Habboub, cette r\u00e9alit\u00e9 augure de sc\u00e9narios futurs tout aussi dangereux, compte tenu de l\u2019attractivit\u00e9 croissante des id\u00e9ologies terroristes sur les milieux radicaux locaux et de l\u2019ensemble des groupes terroristes au Sahel, notamment ceux affili\u00e9s \u00e0 \u00abDaech\u00bb.<\/p>\n\n\n\n<p>Malgr\u00e9 les efforts d\u00e9ploy\u00e9s contre les r\u00e9seaux d\u2019acheminement de combattants, \u00e0 l\u2019image de la cellule d\u00e9mantel\u00e9e les 29 et 30 janvier 2024, entre Casablanca, Inezgane, Tanger et B\u00e9ni Mellal, plus de 130 combattants marocains ont r\u00e9ussi \u00e0 rejoindre les branches de ce groupe au Sahel, en Afrique de l\u2019Ouest et en Corne de l\u2019Afrique, a relev\u00e9 Cherkaoui Habboub, expliquant que certains sont charg\u00e9s de comit\u00e9s importants, notamment ceux li\u00e9s aux op\u00e9rations ext\u00e9rieures.<\/p>\n","protected":false},"excerpt":{"rendered":"<p>Lors d\u2019un point de presse organis\u00e9 hier \u00e0 Sal\u00e9 par le BCIJ (Bureau Central d\u2019Investigations Judiciaires), relevant de la DGST (Direction G\u00e9n\u00e9rale de la Surveillance du Territoire, le Directeur Cherkaoui Habboub a affirm\u00e9 que \u00abLe d\u00e9mant\u00e8lement de la cellule de \u00abDaech\u00bb, peu de temps apr\u00e8s la neutralisation de celle des trois fr\u00e8res, marqu\u00e9es toutes les &hellip;<\/p>\n","protected":false},"author":9,"featured_media":33659,"comment_status":"open","ping_status":"closed","sticky":false,"template":"","format":"standard","meta":{"footnotes":""},"categories":[447],"tags":[],"class_list":["post-33676","post","type-post","status-publish","format-standard","has-post-thumbnail","hentry","category-anti-terrorisme"],"_links":{"self":[{"href":"https:\/\/letempsmag.ma\/index.php?rest_route=\/wp\/v2\/posts\/33676","targetHints":{"allow":["GET"]}}],"collection":[{"href":"https:\/\/letempsmag.ma\/index.php?rest_route=\/wp\/v2\/posts"}],"about":[{"href":"https:\/\/letempsmag.ma\/index.php?rest_route=\/wp\/v2\/types\/post"}],"author":[{"embeddable":true,"href":"https:\/\/letempsmag.ma\/index.php?rest_route=\/wp\/v2\/users\/9"}],"replies":[{"embeddable":true,"href":"https:\/\/letempsmag.ma\/index.php?rest_route=%2Fwp%2Fv2%2Fcomments&post=33676"}],"version-history":[{"count":1,"href":"https:\/\/letempsmag.ma\/index.php?rest_route=\/wp\/v2\/posts\/33676\/revisions"}],"predecessor-version":[{"id":33677,"href":"https:\/\/letempsmag.ma\/index.php?rest_route=\/wp\/v2\/posts\/33676\/revisions\/33677"}],"wp:featuredmedia":[{"embeddable":true,"href":"https:\/\/letempsmag.ma\/index.php?rest_route=\/wp\/v2\/media\/33659"}],"wp:attachment":[{"href":"https:\/\/letempsmag.ma\/index.php?rest_route=%2Fwp%2Fv2%2Fmedia&parent=33676"}],"wp:term":[{"taxonomy":"category","embeddable":true,"href":"https:\/\/letempsmag.ma\/index.php?rest_route=%2Fwp%2Fv2%2Fcategories&post=33676"},{"taxonomy":"post_tag","embeddable":true,"href":"https:\/\/letempsmag.ma\/index.php?rest_route=%2Fwp%2Fv2%2Ftags&post=33676"}],"curies":[{"name":"wp","href":"https:\/\/api.w.org\/{rel}","templated":true}]}}