{"id":33654,"date":"2025-02-24T12:37:47","date_gmt":"2025-02-24T11:37:47","guid":{"rendered":"https:\/\/letempsmag.ma\/?p=33654"},"modified":"2025-02-24T12:37:48","modified_gmt":"2025-02-24T11:37:48","slug":"cinq-enfants-meurent-a-temara-dans-un-incendie-provoque-par-un-chargeur-de-telephone","status":"publish","type":"post","link":"https:\/\/letempsmag.ma\/?p=33654","title":{"rendered":"Cinq enfants meurent \u00e0 T\u00e9mara dans un incendie provoqu\u00e9 par un chargeur de t\u00e9l\u00e9phone"},"content":{"rendered":"\n<p>Le pays a \u00e9t\u00e9 secou\u00e9 par la mort tragique de cinq filles dans un incendie qui s&#8217;est d\u00e9clar\u00e9 samedi dernier dans leur appartement, \u00e0 T\u00e9mara, apr\u00e8s l&#8217;explosion d&#8217;un chargeur de t\u00e9l\u00e9phone, laiss\u00e9 branch\u00e9 par la famille sur le r\u00e9seau \u00e9lectrique. Les jeunes victimes \u00e9taient \u00e2g\u00e9es entre 3 et 12 ans.<\/p>\n\n\n\n<p>Les autorit\u00e9s ont lanc\u00e9 une enqu\u00eate sur l&#8217;incident, sous la supervision du Minist\u00e8re Public, pour d\u00e9couvrir tous les d\u00e9tails li\u00e9s \u00e0 l&#8217;incendie et identifier les responsables.<\/p>\n\n\n\n<p>Cet accident n\u2019est pas le premier du genre, ce qui suscite moult interrogations sur la qualit\u00e9 douteuse de certains chargeurs import\u00e9s au Maroc.<\/p>\n","protected":false},"excerpt":{"rendered":"<p>Le pays a \u00e9t\u00e9 secou\u00e9 par la mort tragique de cinq filles dans un incendie qui s&#8217;est d\u00e9clar\u00e9 samedi dernier dans leur appartement, \u00e0 T\u00e9mara, apr\u00e8s l&#8217;explosion d&#8217;un chargeur de t\u00e9l\u00e9phone, laiss\u00e9 branch\u00e9 par la famille sur le r\u00e9seau \u00e9lectrique. Les jeunes victimes \u00e9taient \u00e2g\u00e9es entre 3 et 12 ans. Les autorit\u00e9s ont lanc\u00e9 une &hellip;<\/p>\n","protected":false},"author":9,"featured_media":33630,"comment_status":"open","ping_status":"closed","sticky":false,"template":"","format":"standard","meta":{"footnotes":""},"categories":[1446],"tags":[],"class_list":["post-33654","post","type-post","status-publish","format-standard","has-post-thumbnail","hentry","category-drame"],"_links":{"self":[{"href":"https:\/\/letempsmag.ma\/index.php?rest_route=\/wp\/v2\/posts\/33654","targetHints":{"allow":["GET"]}}],"collection":[{"href":"https:\/\/letempsmag.ma\/index.php?rest_route=\/wp\/v2\/posts"}],"about":[{"href":"https:\/\/letempsmag.ma\/index.php?rest_route=\/wp\/v2\/types\/post"}],"author":[{"embeddable":true,"href":"https:\/\/letempsmag.ma\/index.php?rest_route=\/wp\/v2\/users\/9"}],"replies":[{"embeddable":true,"href":"https:\/\/letempsmag.ma\/index.php?rest_route=%2Fwp%2Fv2%2Fcomments&post=33654"}],"version-history":[{"count":1,"href":"https:\/\/letempsmag.ma\/index.php?rest_route=\/wp\/v2\/posts\/33654\/revisions"}],"predecessor-version":[{"id":33655,"href":"https:\/\/letempsmag.ma\/index.php?rest_route=\/wp\/v2\/posts\/33654\/revisions\/33655"}],"wp:featuredmedia":[{"embeddable":true,"href":"https:\/\/letempsmag.ma\/index.php?rest_route=\/wp\/v2\/media\/33630"}],"wp:attachment":[{"href":"https:\/\/letempsmag.ma\/index.php?rest_route=%2Fwp%2Fv2%2Fmedia&parent=33654"}],"wp:term":[{"taxonomy":"category","embeddable":true,"href":"https:\/\/letempsmag.ma\/index.php?rest_route=%2Fwp%2Fv2%2Fcategories&post=33654"},{"taxonomy":"post_tag","embeddable":true,"href":"https:\/\/letempsmag.ma\/index.php?rest_route=%2Fwp%2Fv2%2Ftags&post=33654"}],"curies":[{"name":"wp","href":"https:\/\/api.w.org\/{rel}","templated":true}]}}