{"id":33550,"date":"2025-02-19T10:50:59","date_gmt":"2025-02-19T09:50:59","guid":{"rendered":"https:\/\/letempsmag.ma\/?p=33550"},"modified":"2025-02-19T10:50:59","modified_gmt":"2025-02-19T09:50:59","slug":"le-maroc-a-fond-dans-la-cooperation-energetique-avec-lafrique","status":"publish","type":"post","link":"https:\/\/letempsmag.ma\/?p=33550","title":{"rendered":"Le Maroc\u00a0\u00e0 fond dans\u00a0la coop\u00e9ration \u00e9nerg\u00e9tique avec l\u2019Afrique"},"content":{"rendered":"\n<p>Le Maroc s\u2019engage activement \u00e0 renforcer la coop\u00e9ration \u00e9nerg\u00e9tique avec les pays africains, a affirm\u00e9, lundi&nbsp;dernier&nbsp;\u00e0 Casablanca,&nbsp;Omar Hejira,&nbsp;Secr\u00e9taire d\u2019\u00c9tat aupr\u00e8s du&nbsp;Ministre de l\u2019Industrie et du Commerce, charg\u00e9 du Commerce ext\u00e9rieur.&nbsp;S\u2019exprimant lors de l\u2019ouverture des Rencontres Africaines de la F\u00e9d\u00e9ration&nbsp;Nationale de l\u2019\u00c9lectricit\u00e9, de l\u2019\u00c9lectronique et des&nbsp;\u00c9nergies&nbsp;Renouvelables (FENELEC),&nbsp;le haut responsable a&nbsp;soulign\u00e9 l\u2019engagement commun du Maroc et des pays africains \u00e0 renforcer la coop\u00e9ration dans les secteurs de l\u2019\u00e9lectricit\u00e9, de l\u2019\u00e9lectronique et des \u00e9nergies renouvelables, des domaines strat\u00e9giques pour le d\u00e9veloppement durable en Afrique et en Europe.<\/p>\n\n\n\n<p>Ces rencontres, organis\u00e9es \u00e0 Casablanca les 17 et 18 f\u00e9vrier,&nbsp;ont&nbsp;r\u00e9uni des acteurs majeurs du secteur \u00e9nerg\u00e9tique africain pour explorer les opportunit\u00e9s d\u2019investissement et discuter des projets de coop\u00e9ration r\u00e9gionale. Elles s\u2019inscrivent dans une dynamique plus large visant \u00e0 consolider l\u2019int\u00e9gration \u00e9nerg\u00e9tique du continent, avec des \u00e9v\u00e9nements futurs tels que le Salon Elec Expo Africa 2025 \u00e0 Dakar en juillet prochain.<\/p>\n\n\n\n<p>\u00abLe Maroc a r\u00e9alis\u00e9 des avanc\u00e9es majeures dans ces industries, notamment gr\u00e2ce \u00e0 des projets d\u2019infrastructures d\u2019envergure. En 2023, les exportations marocaines du secteur \u00e9lectrique et \u00e9lectronique ont atteint 18 milliards de&nbsp;DH, enregistrant une croissance moyenne de 34%. Ces performances illustrent la dynamique positive du Maroc, qui s\u2019affirme comme un acteur comp\u00e9titif sur le march\u00e9 africain et au-del\u00e0\u00bb, a relev\u00e9&nbsp;Omar Hejira.&nbsp;Entre 2020 et 2023, le Maroc a export\u00e9 pour&nbsp;1&nbsp;milliard de&nbsp;DH&nbsp;de produits li\u00e9s aux v\u00e9hicules, aux carburants et aux conducteurs d\u2019\u00e9lectricit\u00e9, repr\u00e9sentant 26% des exportations marocaines dans cette cat\u00e9gorie, a d\u00e9clar\u00e9&nbsp;Omar&nbsp;Hejira, notant que ces chiffres t\u00e9moignent de la comp\u00e9titivit\u00e9 du secteur et de sa capacit\u00e9 \u00e0 s\u2019int\u00e9grer aux cha\u00eenes de valeur mondiales.<\/p>\n\n\n\n<p>Pour sa part, le&nbsp;Pr\u00e9sident de la FENELEC, Ali El Harti, a mis en avant la n\u00e9cessit\u00e9 de d\u00e9velopper des synergies entre les pays africains pour r\u00e9pondre aux besoins croissants en \u00e9nergie propre et durable.&nbsp;\u00abLe Maroc, fort de son exp\u00e9rience, a d\u00e9velopp\u00e9 plusieurs programmes structurants dans des domaines cl\u00e9s tels que l\u2019\u00e9ducation, l\u2019emploi et les infrastructures. Ces initiatives constituent une base solide pour renforcer les coop\u00e9rations et apprendre les uns des autres\u00bb, a-t-il d\u00e9clar\u00e9, pr\u00e9cisant que l\u2019objectif principal de ces rencontres est de formuler des recommandations concr\u00e8tes et ambitieuses pour faire face aux enjeux actuels et futurs.<\/p>\n\n\n\n<p>En ce qui le concerne,&nbsp;Mor Kass\u00e9,&nbsp;Pr\u00e9sident de la F\u00e9d\u00e9ration des Entreprises du S\u00e9n\u00e9gal dans l\u2019\u00c9lectricit\u00e9, a soulign\u00e9 l\u2019importance de faciliter l\u2019acc\u00e8s au financement et de renforcer les capacit\u00e9s techniques locales pour concr\u00e9tiser les ambitions de l\u2019Afrique en mati\u00e8re d\u2019\u00e9nergies renouvelables.&nbsp;\u00abNous faisons face \u00e0 de nombreux bouleversements,&nbsp;conflits, crises sanitaires et&nbsp;n\u00e9cessit\u00e9 imp\u00e9rieuse de r\u00e9formes structurantes. Pourtant, des d\u00e9cisions positives ont \u00e9merg\u00e9, permettant d\u2019att\u00e9nuer les effets de la pand\u00e9mie et d\u2019acc\u00e9l\u00e9rer certains processus essentiels\u00bb, a-t-il fait valoir.<\/p>\n\n\n\n<p>De son c\u00f4t\u00e9, Sanou Salia,&nbsp;Pr\u00e9sident de la Soci\u00e9t\u00e9 de Transformation \u00c9lectrom\u00e9canique d\u2019Afrique,&nbsp;au Burkina Faso, a appel\u00e9 \u00e0 une approche collaborative pour relever les d\u00e9fis li\u00e9s \u00e0 l\u2019acc\u00e8s \u00e0 l\u2019\u00e9nergie en Afrique subsaharienne, insistant sur l\u2019importance de la coop\u00e9ration entre les entreprises publiques et priv\u00e9es.&nbsp;Il a pr\u00e9cis\u00e9 que lors de cette rencontre,&nbsp;l\u2019accent&nbsp;est&nbsp;mis sur les projets d\u2019\u00e9nergie solaire, \u00e9olienne et d\u2019hydrog\u00e8ne vert, des secteurs porteurs pour l\u2019avenir \u00e9nerg\u00e9tique du continent.<\/p>\n","protected":false},"excerpt":{"rendered":"<p>Le Maroc s\u2019engage activement \u00e0 renforcer la coop\u00e9ration \u00e9nerg\u00e9tique avec les pays africains, a affirm\u00e9, lundi&nbsp;dernier&nbsp;\u00e0 Casablanca,&nbsp;Omar Hejira,&nbsp;Secr\u00e9taire d\u2019\u00c9tat aupr\u00e8s du&nbsp;Ministre de l\u2019Industrie et du Commerce, charg\u00e9 du Commerce ext\u00e9rieur.&nbsp;S\u2019exprimant lors de l\u2019ouverture des Rencontres Africaines de la F\u00e9d\u00e9ration&nbsp;Nationale de l\u2019\u00c9lectricit\u00e9, de l\u2019\u00c9lectronique et des&nbsp;\u00c9nergies&nbsp;Renouvelables (FENELEC),&nbsp;le haut responsable a&nbsp;soulign\u00e9 l\u2019engagement commun du Maroc et des &hellip;<\/p>\n","protected":false},"author":9,"featured_media":33534,"comment_status":"open","ping_status":"closed","sticky":false,"template":"","format":"standard","meta":{"footnotes":""},"categories":[492],"tags":[],"class_list":["post-33550","post","type-post","status-publish","format-standard","has-post-thumbnail","hentry","category-forum"],"_links":{"self":[{"href":"https:\/\/letempsmag.ma\/index.php?rest_route=\/wp\/v2\/posts\/33550","targetHints":{"allow":["GET"]}}],"collection":[{"href":"https:\/\/letempsmag.ma\/index.php?rest_route=\/wp\/v2\/posts"}],"about":[{"href":"https:\/\/letempsmag.ma\/index.php?rest_route=\/wp\/v2\/types\/post"}],"author":[{"embeddable":true,"href":"https:\/\/letempsmag.ma\/index.php?rest_route=\/wp\/v2\/users\/9"}],"replies":[{"embeddable":true,"href":"https:\/\/letempsmag.ma\/index.php?rest_route=%2Fwp%2Fv2%2Fcomments&post=33550"}],"version-history":[{"count":1,"href":"https:\/\/letempsmag.ma\/index.php?rest_route=\/wp\/v2\/posts\/33550\/revisions"}],"predecessor-version":[{"id":33551,"href":"https:\/\/letempsmag.ma\/index.php?rest_route=\/wp\/v2\/posts\/33550\/revisions\/33551"}],"wp:featuredmedia":[{"embeddable":true,"href":"https:\/\/letempsmag.ma\/index.php?rest_route=\/wp\/v2\/media\/33534"}],"wp:attachment":[{"href":"https:\/\/letempsmag.ma\/index.php?rest_route=%2Fwp%2Fv2%2Fmedia&parent=33550"}],"wp:term":[{"taxonomy":"category","embeddable":true,"href":"https:\/\/letempsmag.ma\/index.php?rest_route=%2Fwp%2Fv2%2Fcategories&post=33550"},{"taxonomy":"post_tag","embeddable":true,"href":"https:\/\/letempsmag.ma\/index.php?rest_route=%2Fwp%2Fv2%2Ftags&post=33550"}],"curies":[{"name":"wp","href":"https:\/\/api.w.org\/{rel}","templated":true}]}}