{"id":33507,"date":"2025-02-17T11:30:20","date_gmt":"2025-02-17T10:30:20","guid":{"rendered":"https:\/\/letempsmag.ma\/?p=33507"},"modified":"2025-02-17T11:30:21","modified_gmt":"2025-02-17T10:30:21","slug":"le-maroc-et-la-suisse-lancent-un-programme-commun-en-matiere-de-propriete-intellectuelle","status":"publish","type":"post","link":"https:\/\/letempsmag.ma\/?p=33507","title":{"rendered":"Le Maroc et la Suisse lancent un programme commun en mati\u00e8re de propri\u00e9t\u00e9 intellectuelle"},"content":{"rendered":"\n<p>Un projet de coop\u00e9ration dans le domaine de la propri\u00e9t\u00e9 intellectuelle \u00abSwiss Partnership Morocco\u00bb entre le Maroc et la Conf\u00e9d\u00e9ration Helv\u00e9tique a \u00e9t\u00e9 officiellement lanc\u00e9 le 14 f\u00e9vrier dernier au si\u00e8ge de l\u2019OMPIC (Office Marocain de la Propri\u00e9t\u00e9 Industrielle et Commerciale) \u00e0 Casablanca. L\u2019\u00e9v\u00e9nement a eu lieu en pr\u00e9sence de Ryad Mezzour, Ministre de l&#8217;Industrie et du Commerce, Valentin Zellweger, Ambassadeur de Suisse au Maroc, Abdelaziz Babqiqi, Directeur G\u00e9n\u00e9ral de l&#8217;OMPIC, Dalal Mhamdi Alaoui, Directrice G\u00e9n\u00e9rale du Bureau Marocain des Droits d\u2019Auteur et Droits Voisins, et Nathalie Hirsig, Repr\u00e9sentante de l\u2019IPI (Institut F\u00e9d\u00e9ral Suisse de la Propri\u00e9t\u00e9 Intellectuelle), ainsi que plusieurs acteurs de la propri\u00e9t\u00e9 intellectuelle.<\/p>\n\n\n\n<p>Dot\u00e9 d&#8217;un montant de 17,2 millions de DH et s&#8217;\u00e9talant sur une dur\u00e9e de quatre ans, ce projet de coop\u00e9ration Maroc-Suisse ambitionne de renforcer et dynamiser le syst\u00e8me de la propri\u00e9t\u00e9 intellectuelle au Maroc en favorisant l&#8217;innovation et la comp\u00e9titivit\u00e9 des cr\u00e9ateurs marocains et en leur garantissant une meilleure protection de leurs actifs immat\u00e9riels sur les march\u00e9s nationaux et internationaux.<\/p>\n\n\n\n<p>Le projet est financ\u00e9 par le Secr\u00e9tariat d&#8217;\u00c9tat \u00e0 l&#8217;\u00c9conomie Suisse et mis en \u0153uvre par l\u2019IPI, en \u00e9troite collaboration avec l\u2019OMPIC qui est le partenaire principal du programme ainsi que d\u2019autres acteurs des syst\u00e8mes de la propri\u00e9t\u00e9 intellectuelle et industrielle en tant que partenaires et b\u00e9n\u00e9ficiaires de ce programme.<\/p>\n\n\n\n<p>L\u2019initiative porte principalement sur&nbsp;:<\/p>\n\n\n\n<p>&#8211; Le cadre l\u00e9gal en mati\u00e8re de propri\u00e9t\u00e9 intellectuelle et industrielle.<\/p>\n\n\n\n<p>&#8211; Les services fournis pour la protection et l&#8217;utilisation des droits de propri\u00e9t\u00e9 intellectuelle et industrielle.<\/p>\n\n\n\n<p>&#8211; La promotion de la propri\u00e9t\u00e9 intellectuelle et industrielle aupr\u00e8s des diff\u00e9rents utilisateurs.<\/p>\n\n\n\n<p>&#8211; L\u2019application des droits de propri\u00e9t\u00e9 intellectuelle et industrielle.<\/p>\n","protected":false},"excerpt":{"rendered":"<p>Un projet de coop\u00e9ration dans le domaine de la propri\u00e9t\u00e9 intellectuelle \u00abSwiss Partnership Morocco\u00bb entre le Maroc et la Conf\u00e9d\u00e9ration Helv\u00e9tique a \u00e9t\u00e9 officiellement lanc\u00e9 le 14 f\u00e9vrier dernier au si\u00e8ge de l\u2019OMPIC (Office Marocain de la Propri\u00e9t\u00e9 Industrielle et Commerciale) \u00e0 Casablanca. L\u2019\u00e9v\u00e9nement a eu lieu en pr\u00e9sence de Ryad Mezzour, Ministre de l&#8217;Industrie &hellip;<\/p>\n","protected":false},"author":9,"featured_media":33497,"comment_status":"open","ping_status":"closed","sticky":false,"template":"","format":"standard","meta":{"footnotes":""},"categories":[82],"tags":[],"class_list":["post-33507","post","type-post","status-publish","format-standard","has-post-thumbnail","hentry","category-industrie"],"_links":{"self":[{"href":"https:\/\/letempsmag.ma\/index.php?rest_route=\/wp\/v2\/posts\/33507","targetHints":{"allow":["GET"]}}],"collection":[{"href":"https:\/\/letempsmag.ma\/index.php?rest_route=\/wp\/v2\/posts"}],"about":[{"href":"https:\/\/letempsmag.ma\/index.php?rest_route=\/wp\/v2\/types\/post"}],"author":[{"embeddable":true,"href":"https:\/\/letempsmag.ma\/index.php?rest_route=\/wp\/v2\/users\/9"}],"replies":[{"embeddable":true,"href":"https:\/\/letempsmag.ma\/index.php?rest_route=%2Fwp%2Fv2%2Fcomments&post=33507"}],"version-history":[{"count":1,"href":"https:\/\/letempsmag.ma\/index.php?rest_route=\/wp\/v2\/posts\/33507\/revisions"}],"predecessor-version":[{"id":33508,"href":"https:\/\/letempsmag.ma\/index.php?rest_route=\/wp\/v2\/posts\/33507\/revisions\/33508"}],"wp:featuredmedia":[{"embeddable":true,"href":"https:\/\/letempsmag.ma\/index.php?rest_route=\/wp\/v2\/media\/33497"}],"wp:attachment":[{"href":"https:\/\/letempsmag.ma\/index.php?rest_route=%2Fwp%2Fv2%2Fmedia&parent=33507"}],"wp:term":[{"taxonomy":"category","embeddable":true,"href":"https:\/\/letempsmag.ma\/index.php?rest_route=%2Fwp%2Fv2%2Fcategories&post=33507"},{"taxonomy":"post_tag","embeddable":true,"href":"https:\/\/letempsmag.ma\/index.php?rest_route=%2Fwp%2Fv2%2Ftags&post=33507"}],"curies":[{"name":"wp","href":"https:\/\/api.w.org\/{rel}","templated":true}]}}