{"id":33499,"date":"2025-02-17T11:26:51","date_gmt":"2025-02-17T10:26:51","guid":{"rendered":"https:\/\/letempsmag.ma\/?p=33499"},"modified":"2025-02-17T11:26:51","modified_gmt":"2025-02-17T10:26:51","slug":"les-talents-marocains-de-tempsdanse-ont-ebloui-lausanne","status":"publish","type":"post","link":"https:\/\/letempsmag.ma\/?p=33499","title":{"rendered":"Les talents marocains de Temps\u2019Danse ont \u00e9bloui Lausanne"},"content":{"rendered":"\n<p>Sous le ciel frais et gai de Lausanne (Suisse), 31 \u00e9toiles montantes de Temps\u2019Danse, la c\u00e9l\u00e8bre \u00e9cole de Casablanca, ont inscrit leur histoire. \u00c2g\u00e9es de 8 \u00e0 17 ans, ces \u00e9l\u00e8ves de la danse ont envo\u00fbt\u00e9 la sc\u00e8ne du prestigieux festival international \u00abAu-del\u00e0 des pr\u00e9jug\u00e9s\u00bb, transformant leur performance \u00abMoroccan Vibes\u00bb en un manifeste vibrant de libert\u00e9 et de m\u00e9tissage. Port\u00e9es par une standing ovation, elles ont transcend\u00e9 les pr\u00e9jug\u00e9s pour dessiner, en quinze minutes magistrales, l\u2019odyss\u00e9e sublime de la femme marocaine \u00e0 l\u2019international.<\/p>\n\n\n\n<p><strong><em>Une ode chor\u00e9graphique \u00e0 l\u2019\u00e9mancipation<\/em><\/strong><\/p>\n\n\n\n<p>Sous la direction artistique de l\u2019\u00e9cole Temps\u2019Danse, fond\u00e9e par Myriam Bouayad, les jeunes artistes ont d\u00e9ploy\u00e9 une fresque mouvement\u00e9e, tissant avec gr\u00e2ce les fils d\u2019un r\u00e9cit mill\u00e9naire. Des postures ancestrales, empreintes de traditions, \u00e0 l\u2019\u00e9closion contemporaine d\u2019une f\u00e9minit\u00e9 lib\u00e9r\u00e9e, chaque geste \u00e9tait un vers dans ce po\u00e8me corporel. Les influences occidentales, habilement m\u00eal\u00e9es aux rythmes de l\u2019h\u00e9ritage marocain, ont r\u00e9v\u00e9l\u00e9 une symbiose culturelle aussi audacieuse que respectueuse. Cette fusion a transport\u00e9 un public subjugu\u00e9 des m\u00e9dinas envo\u00fbtantes aux horizons urbains, guid\u00e9 par la puissance narrative de ces ambassadrices en devenir.<\/p>\n\n\n\n<p><strong><em>Tradition et modernit\u00e9 dansent \u00e0 l&#8217;unisson<\/em><\/strong><\/p>\n\n\n\n<p>Lors de deux soir\u00e9es inoubliables, le spectacle \u00abMoroccan Vibes\u00bb a \u00e9bloui le public par une puissance artistique saisissante, m\u00ealant modernit\u00e9 et r\u00e9miniscences marocaines ancestrales. Au-del\u00e0 de la splendeur de la performance collective, les Temps\u2019dansettes ont d\u00e9voil\u00e9 des cr\u00e9ations personnelles en duo, v\u00e9ritables instants de gr\u00e2ce et d\u2019\u00e9motion partag\u00e9e. En rejoignant des battles de danse internationaux, les danseuses ont mesur\u00e9 leur talent face \u00e0 des artistes venus des quatre coins du monde. Plus qu&#8217;une simple prestation sc\u00e9nique, ces joutes chor\u00e9graphiques, empreintes de respect et d&#8217;\u00e9change, ont enrichi leur vision artistique, nourri leur inspiration et renforc\u00e9 leur engagement envers la danse.<\/p>\n\n\n\n<p><strong><em>\u00c0 propos de Temps\u2019Danse<\/em><\/strong><\/p>\n\n\n\n<p>Pionni\u00e8re de la sc\u00e8ne chor\u00e9graphique marocaine, Temps\u2019Danse se distingue par son approche visionnaire, m\u00ealant contemporan\u00e9it\u00e9 et codes urbains. Plus qu\u2019une \u00e9cole, c\u2019est un laboratoire o\u00f9 s\u2019invente la danse de demain&nbsp;: un creuset de diversit\u00e9 o\u00f9 chaque geste devient un acte de renaissance culturelle. \u00c0 travers des projets comme \u00abMoroccan Vibes\u00bb, la structure cultive un \u00e9cosyst\u00e8me unique, o\u00f9 l\u2019art se fait vecteur d\u2019\u00e9mancipation, de dialogue et de fiert\u00e9 identitaire.<\/p>\n","protected":false},"excerpt":{"rendered":"<p>Sous le ciel frais et gai de Lausanne (Suisse), 31 \u00e9toiles montantes de Temps\u2019Danse, la c\u00e9l\u00e8bre \u00e9cole de Casablanca, ont inscrit leur histoire. \u00c2g\u00e9es de 8 \u00e0 17 ans, ces \u00e9l\u00e8ves de la danse ont envo\u00fbt\u00e9 la sc\u00e8ne du prestigieux festival international \u00abAu-del\u00e0 des pr\u00e9jug\u00e9s\u00bb, transformant leur performance \u00abMoroccan Vibes\u00bb en un manifeste vibrant de &hellip;<\/p>\n","protected":false},"author":9,"featured_media":33493,"comment_status":"open","ping_status":"closed","sticky":false,"template":"","format":"standard","meta":{"footnotes":""},"categories":[149],"tags":[],"class_list":["post-33499","post","type-post","status-publish","format-standard","has-post-thumbnail","hentry","category-art"],"_links":{"self":[{"href":"https:\/\/letempsmag.ma\/index.php?rest_route=\/wp\/v2\/posts\/33499","targetHints":{"allow":["GET"]}}],"collection":[{"href":"https:\/\/letempsmag.ma\/index.php?rest_route=\/wp\/v2\/posts"}],"about":[{"href":"https:\/\/letempsmag.ma\/index.php?rest_route=\/wp\/v2\/types\/post"}],"author":[{"embeddable":true,"href":"https:\/\/letempsmag.ma\/index.php?rest_route=\/wp\/v2\/users\/9"}],"replies":[{"embeddable":true,"href":"https:\/\/letempsmag.ma\/index.php?rest_route=%2Fwp%2Fv2%2Fcomments&post=33499"}],"version-history":[{"count":1,"href":"https:\/\/letempsmag.ma\/index.php?rest_route=\/wp\/v2\/posts\/33499\/revisions"}],"predecessor-version":[{"id":33500,"href":"https:\/\/letempsmag.ma\/index.php?rest_route=\/wp\/v2\/posts\/33499\/revisions\/33500"}],"wp:featuredmedia":[{"embeddable":true,"href":"https:\/\/letempsmag.ma\/index.php?rest_route=\/wp\/v2\/media\/33493"}],"wp:attachment":[{"href":"https:\/\/letempsmag.ma\/index.php?rest_route=%2Fwp%2Fv2%2Fmedia&parent=33499"}],"wp:term":[{"taxonomy":"category","embeddable":true,"href":"https:\/\/letempsmag.ma\/index.php?rest_route=%2Fwp%2Fv2%2Fcategories&post=33499"},{"taxonomy":"post_tag","embeddable":true,"href":"https:\/\/letempsmag.ma\/index.php?rest_route=%2Fwp%2Fv2%2Ftags&post=33499"}],"curies":[{"name":"wp","href":"https:\/\/api.w.org\/{rel}","templated":true}]}}