{"id":33383,"date":"2025-02-11T10:57:02","date_gmt":"2025-02-11T09:57:02","guid":{"rendered":"https:\/\/letempsmag.ma\/?p=33383"},"modified":"2025-02-11T10:57:02","modified_gmt":"2025-02-11T09:57:02","slug":"la-terre-a-tremble-la-nuit-dhier-a-ouezzane","status":"publish","type":"post","link":"https:\/\/letempsmag.ma\/?p=33383","title":{"rendered":"La terre a trembl\u00e9, la nuit d\u2019hier, \u00e0 Ouezzane"},"content":{"rendered":"\n<p>Une secousse tellurique de magnitude 5,2 sur l\u2019\u00e9chelle de Richter a frapp\u00e9, hier lundi soir, la province d\u2019Ouezzane, a annonc\u00e9 l\u2019Institut National de G\u00e9ophysique (ING).<\/p>\n\n\n\n<p>L\u2019\u00e9picentre du s\u00e9isme, survenu \u00e0 une profondeur de 20 kilom\u00e8tres, a \u00e9t\u00e9 localis\u00e9 \u00e0 34.954 degr\u00e9s de latitude Nord et 5.635 degr\u00e9s de longitude ouest, indique l\u2019ING.<\/p>\n\n\n\n<p>La secousse, dont l\u2019\u00e9picentre a \u00e9t\u00e9 situ\u00e9 dans la commune de Brikcha, relevant de la province d\u2019Ouezzane, s&#8217;est produite \u00e0 23h 48min 43 sec, selon la m\u00eame source.<\/p>\n\n\n\n<p>Les autorit\u00e9s locales, approch\u00e9es par la MAP, ont d\u00e9clar\u00e9 que la secousse n\u2019a pas&nbsp; caus\u00e9 de d\u00e9g\u00e2ts.<\/p>\n","protected":false},"excerpt":{"rendered":"<p>Une secousse tellurique de magnitude 5,2 sur l\u2019\u00e9chelle de Richter a frapp\u00e9, hier lundi soir, la province d\u2019Ouezzane, a annonc\u00e9 l\u2019Institut National de G\u00e9ophysique (ING). L\u2019\u00e9picentre du s\u00e9isme, survenu \u00e0 une profondeur de 20 kilom\u00e8tres, a \u00e9t\u00e9 localis\u00e9 \u00e0 34.954 degr\u00e9s de latitude Nord et 5.635 degr\u00e9s de longitude ouest, indique l\u2019ING. La secousse, dont &hellip;<\/p>\n","protected":false},"author":9,"featured_media":33363,"comment_status":"open","ping_status":"closed","sticky":false,"template":"","format":"standard","meta":{"footnotes":""},"categories":[1130],"tags":[],"class_list":["post-33383","post","type-post","status-publish","format-standard","has-post-thumbnail","hentry","category-seisme"],"_links":{"self":[{"href":"https:\/\/letempsmag.ma\/index.php?rest_route=\/wp\/v2\/posts\/33383","targetHints":{"allow":["GET"]}}],"collection":[{"href":"https:\/\/letempsmag.ma\/index.php?rest_route=\/wp\/v2\/posts"}],"about":[{"href":"https:\/\/letempsmag.ma\/index.php?rest_route=\/wp\/v2\/types\/post"}],"author":[{"embeddable":true,"href":"https:\/\/letempsmag.ma\/index.php?rest_route=\/wp\/v2\/users\/9"}],"replies":[{"embeddable":true,"href":"https:\/\/letempsmag.ma\/index.php?rest_route=%2Fwp%2Fv2%2Fcomments&post=33383"}],"version-history":[{"count":1,"href":"https:\/\/letempsmag.ma\/index.php?rest_route=\/wp\/v2\/posts\/33383\/revisions"}],"predecessor-version":[{"id":33384,"href":"https:\/\/letempsmag.ma\/index.php?rest_route=\/wp\/v2\/posts\/33383\/revisions\/33384"}],"wp:featuredmedia":[{"embeddable":true,"href":"https:\/\/letempsmag.ma\/index.php?rest_route=\/wp\/v2\/media\/33363"}],"wp:attachment":[{"href":"https:\/\/letempsmag.ma\/index.php?rest_route=%2Fwp%2Fv2%2Fmedia&parent=33383"}],"wp:term":[{"taxonomy":"category","embeddable":true,"href":"https:\/\/letempsmag.ma\/index.php?rest_route=%2Fwp%2Fv2%2Fcategories&post=33383"},{"taxonomy":"post_tag","embeddable":true,"href":"https:\/\/letempsmag.ma\/index.php?rest_route=%2Fwp%2Fv2%2Ftags&post=33383"}],"curies":[{"name":"wp","href":"https:\/\/api.w.org\/{rel}","templated":true}]}}