{"id":33381,"date":"2025-02-11T10:56:28","date_gmt":"2025-02-11T09:56:28","guid":{"rendered":"https:\/\/letempsmag.ma\/?p=33381"},"modified":"2025-02-11T10:56:28","modified_gmt":"2025-02-11T09:56:28","slug":"la-marine-royale-porte-assistance-a-41-subsahariens-au-large-de-tan-tan","status":"publish","type":"post","link":"https:\/\/letempsmag.ma\/?p=33381","title":{"rendered":"La Marine Royale porte assistance \u00e0 41 Subsahariens au large de Tan-Tan"},"content":{"rendered":"\n<p>Un patrouilleur de haute mer de la Marine Royale a intercept\u00e9, hier \u00e0 118 km au Nord-Ouest du port de Tan-Tan, une embarcation pneumatique ayant \u00e0 son bord 41 candidats \u00e0 l\u2019\u00e9migration irr\u00e9guli\u00e8re.<\/p>\n\n\n\n<p>Les personnes secourues, d\u2019origine subsaharienne, comptaient rejoindre les Iles Canaries, indique un communiqu\u00e9 de l\u2019\u00c9tat-Major G\u00e9n\u00e9ral des Forces Arm\u00e9es Royales.<\/p>\n\n\n\n<p>Les rescap\u00e9s ont re\u00e7u, \u00e0 bord, les premiers soins avant d\u2019\u00eatre ramen\u00e9s sains et saufs au Port de Tan-Tan et confi\u00e9s \u00e0 la Gendarmerie Royale pour les proc\u00e9dures administratives d\u2019usage, pr\u00e9cise la m\u00eame source.<\/p>\n","protected":false},"excerpt":{"rendered":"<p>Un patrouilleur de haute mer de la Marine Royale a intercept\u00e9, hier \u00e0 118 km au Nord-Ouest du port de Tan-Tan, une embarcation pneumatique ayant \u00e0 son bord 41 candidats \u00e0 l\u2019\u00e9migration irr\u00e9guli\u00e8re. Les personnes secourues, d\u2019origine subsaharienne, comptaient rejoindre les Iles Canaries, indique un communiqu\u00e9 de l\u2019\u00c9tat-Major G\u00e9n\u00e9ral des Forces Arm\u00e9es Royales. Les rescap\u00e9s &hellip;<\/p>\n","protected":false},"author":9,"featured_media":33364,"comment_status":"open","ping_status":"closed","sticky":false,"template":"","format":"standard","meta":{"footnotes":""},"categories":[1439],"tags":[],"class_list":["post-33381","post","type-post","status-publish","format-standard","has-post-thumbnail","hentry","category-emigration-irreguliere"],"_links":{"self":[{"href":"https:\/\/letempsmag.ma\/index.php?rest_route=\/wp\/v2\/posts\/33381","targetHints":{"allow":["GET"]}}],"collection":[{"href":"https:\/\/letempsmag.ma\/index.php?rest_route=\/wp\/v2\/posts"}],"about":[{"href":"https:\/\/letempsmag.ma\/index.php?rest_route=\/wp\/v2\/types\/post"}],"author":[{"embeddable":true,"href":"https:\/\/letempsmag.ma\/index.php?rest_route=\/wp\/v2\/users\/9"}],"replies":[{"embeddable":true,"href":"https:\/\/letempsmag.ma\/index.php?rest_route=%2Fwp%2Fv2%2Fcomments&post=33381"}],"version-history":[{"count":1,"href":"https:\/\/letempsmag.ma\/index.php?rest_route=\/wp\/v2\/posts\/33381\/revisions"}],"predecessor-version":[{"id":33382,"href":"https:\/\/letempsmag.ma\/index.php?rest_route=\/wp\/v2\/posts\/33381\/revisions\/33382"}],"wp:featuredmedia":[{"embeddable":true,"href":"https:\/\/letempsmag.ma\/index.php?rest_route=\/wp\/v2\/media\/33364"}],"wp:attachment":[{"href":"https:\/\/letempsmag.ma\/index.php?rest_route=%2Fwp%2Fv2%2Fmedia&parent=33381"}],"wp:term":[{"taxonomy":"category","embeddable":true,"href":"https:\/\/letempsmag.ma\/index.php?rest_route=%2Fwp%2Fv2%2Fcategories&post=33381"},{"taxonomy":"post_tag","embeddable":true,"href":"https:\/\/letempsmag.ma\/index.php?rest_route=%2Fwp%2Fv2%2Ftags&post=33381"}],"curies":[{"name":"wp","href":"https:\/\/api.w.org\/{rel}","templated":true}]}}