{"id":3323,"date":"2021-05-22T10:47:52","date_gmt":"2021-05-22T10:47:52","guid":{"rendered":"https:\/\/letempsmag.ma\/?p=3323"},"modified":"2021-05-22T10:53:58","modified_gmt":"2021-05-22T10:53:58","slug":"un-juriste-francais-pointe-letonnante-inconscience-des-dirigeants-espagnols","status":"publish","type":"post","link":"https:\/\/letempsmag.ma\/?p=3323","title":{"rendered":"Un juriste fran\u00e7ais pointe l&#8217;\u00e9tonnante inconscience des dirigeants espagnols"},"content":{"rendered":"\n<p>Me Hubert Seillan, avocat au Barreau de Paris et Pr\u00e9sident de la Fondation France-Maroc, souligne l\u2019\u00abinconscience \u00e9tonnante\u00bb des dirigeants espagnols \u00e0 l\u2019\u00e9gard des r\u00e9alit\u00e9s \u00e9conomiques et g\u00e9opolitiques. Dans une analyse sur la r\u00e9cente tension diplomatique entre l\u2019Espagne et le Maroc, sur fond de la d\u00e9cision de Madrid d\u2019accueillir en catimini le chef du \u00abPolisario\u00bb, le juriste affirme qu\u2019\u00aben s\u2019engageant aupr\u00e8s de l\u2019Alg\u00e9rie, en conflit direct avec le Maroc, dans des conditions clandestines, les dirigeants espagnols ont manifest\u00e9 une inconscience \u00e9tonnante \u00e0 l\u2019\u00e9gard des r\u00e9alit\u00e9s \u00e9conomiques et g\u00e9opolitiques\u00bb. Il poursuit en soulignant que \u00abbien qu\u2019elle ait administr\u00e9 le Sahara marocain durant pr\u00e8s de cent ans, l\u2019Espagne en a-t-elle vu autre chose que les mines de phosphates et les ressources halieutiques&nbsp;? Sa carte du territoire \u00e9tait, en effet, tr\u00e8s sommaire et n\u2019avait que peu de rapports avec celle que nous en donne aujourd\u2019hui le Maroc. Il est possible d\u2019en d\u00e9duire qu\u2019elle n\u2019a eu qu\u2019une connaissance limit\u00e9e des caract\u00e9ristiques essentielles de ce territoire et de sa population\u00bb, \u00e9crit le juriste fran\u00e7ais dans une analyse sous le titre \u00abLa faute de l\u2019Espagne envers le Maroc\u00bb.<\/p>\n\n\n\n<p>Me Hubert Seillan argumente encore&nbsp;: \u00abCette carence ne lui a sans doute pas permis de disposer de la sagesse n\u00e9cessaire dans la d\u00e9cision r\u00e9cente\u00bb qui consiste \u00e0 accueillir un \u00ab Brahim Ghali qui fait depuis 2006 l\u2019objet de poursuites p\u00e9nales pour des infractions graves, notamment de crimes contre l\u2019humanit\u00e9, d\u2019enl\u00e8vements, de s\u00e9questrations et de tortures\u00bb. D\u2019ailleurs, \u00e9crit-il, \u00abun mandat d&#8217;arr\u00eat a \u00e9t\u00e9 \u00e9mis contre lui en novembre 2016 par la Justice espagnole pour g\u00e9nocide, torture et viol\u00bb.<\/p>\n\n\n\n<p>Selon le juriste fran\u00e7ais, \u00abla s\u00e9r\u00e9nit\u00e9 avec laquelle les Marocains g\u00e8rent sur le plan international la situation du Sahara depuis 45 ans aurait d\u00fb inciter les autorit\u00e9s espagnoles \u00e0 appr\u00e9cier plus attentivement les enjeux de leur d\u00e9cision\u00bb. Puis il souligne que \u00abPr\u00e9c\u00e9dant depuis quelques ann\u00e9es la France dans ses investissements au Maroc, la position de l\u2019Espagne devient compliqu\u00e9e. De ce point de vue, les Fran\u00e7ais sont en mesure de se f\u00e9liciter de manquements aussi graves aux obligations diplomatiques formelles, sinon morales\u00bb.<\/p>\n\n\n\n<p>Le Pr\u00e9sident de la Fondation France-Maroc ajoute que \u00able sujet principal n\u2019est cependant pas celui-ci, car il lui est bien sup\u00e9rieur. Le Maroc, gr\u00e2ce au Sahara, est le moteur des \u00e9changes Nord-Sud et de la s\u00e9curit\u00e9 \u00e0 l\u2019Ouest de l\u2019Afrique. Ce faisant, la d\u00e9cision inamicale de l\u2019Espagne est de nature \u00e0 en gripper la m\u00e9canique. Les pays europ\u00e9ens et africains doivent m\u00e9diter sur sa responsabilit\u00e9\u00bb. Et Me Hubert Seillan de conclure&nbsp;: \u00abQuand les enjeux sont de cette importance, une maladresse devient une imprudence. Quand l\u2019imprudence est d\u00e9lib\u00e9r\u00e9e, elle devient une faute\u00bb. (Photo&nbsp;: Hespress).<\/p>\n\n\n\n<p><strong>(Source&nbsp;: MAP).<\/strong><\/p>\n","protected":false},"excerpt":{"rendered":"<p>Me Hubert Seillan, avocat au Barreau de Paris et Pr\u00e9sident de la Fondation France-Maroc, souligne l\u2019\u00abinconscience \u00e9tonnante\u00bb des dirigeants espagnols \u00e0 l\u2019\u00e9gard des r\u00e9alit\u00e9s \u00e9conomiques et g\u00e9opolitiques. Dans une analyse sur la r\u00e9cente tension diplomatique entre l\u2019Espagne et le Maroc, sur fond de la d\u00e9cision de Madrid d\u2019accueillir en catimini le chef du \u00abPolisario\u00bb, le &hellip;<\/p>\n","protected":false},"author":9,"featured_media":3330,"comment_status":"open","ping_status":"closed","sticky":false,"template":"","format":"standard","meta":{"footnotes":""},"categories":[218],"tags":[],"class_list":["post-3323","post","type-post","status-publish","format-standard","has-post-thumbnail","hentry","category-sahara"],"_links":{"self":[{"href":"https:\/\/letempsmag.ma\/index.php?rest_route=\/wp\/v2\/posts\/3323","targetHints":{"allow":["GET"]}}],"collection":[{"href":"https:\/\/letempsmag.ma\/index.php?rest_route=\/wp\/v2\/posts"}],"about":[{"href":"https:\/\/letempsmag.ma\/index.php?rest_route=\/wp\/v2\/types\/post"}],"author":[{"embeddable":true,"href":"https:\/\/letempsmag.ma\/index.php?rest_route=\/wp\/v2\/users\/9"}],"replies":[{"embeddable":true,"href":"https:\/\/letempsmag.ma\/index.php?rest_route=%2Fwp%2Fv2%2Fcomments&post=3323"}],"version-history":[{"count":1,"href":"https:\/\/letempsmag.ma\/index.php?rest_route=\/wp\/v2\/posts\/3323\/revisions"}],"predecessor-version":[{"id":3325,"href":"https:\/\/letempsmag.ma\/index.php?rest_route=\/wp\/v2\/posts\/3323\/revisions\/3325"}],"wp:featuredmedia":[{"embeddable":true,"href":"https:\/\/letempsmag.ma\/index.php?rest_route=\/wp\/v2\/media\/3330"}],"wp:attachment":[{"href":"https:\/\/letempsmag.ma\/index.php?rest_route=%2Fwp%2Fv2%2Fmedia&parent=3323"}],"wp:term":[{"taxonomy":"category","embeddable":true,"href":"https:\/\/letempsmag.ma\/index.php?rest_route=%2Fwp%2Fv2%2Fcategories&post=3323"},{"taxonomy":"post_tag","embeddable":true,"href":"https:\/\/letempsmag.ma\/index.php?rest_route=%2Fwp%2Fv2%2Ftags&post=3323"}],"curies":[{"name":"wp","href":"https:\/\/api.w.org\/{rel}","templated":true}]}}