{"id":33175,"date":"2025-02-06T11:03:37","date_gmt":"2025-02-06T10:03:37","guid":{"rendered":"https:\/\/letempsmag.ma\/?p=33175"},"modified":"2025-02-06T11:03:37","modified_gmt":"2025-02-06T10:03:37","slug":"sourire-de-reda-tire-sa-reverence-apres-16-ans-dengagement","status":"publish","type":"post","link":"https:\/\/letempsmag.ma\/?p=33175","title":{"rendered":"Sourire de Reda tire sa r\u00e9v\u00e9rence apr\u00e8s 16 ans d\u2019engagement"},"content":{"rendered":"\n<p>Apr\u00e8s 16 ans de plaidoyer et d\u2019action en faveur de la sant\u00e9 mentale et du bien-\u00eatre des jeunes au Maroc, l\u2019association Sourire de Reda met fin \u00e0 ses activit\u00e9s.&nbsp;<\/p>\n\n\n\n<p>C\u2019est \u00e0 l\u2019occasion du 5 f\u00e9vrier, Journ\u00e9e nationale d\u00e9di\u00e9e \u00e0 la pr\u00e9vention du suicide des jeunes, que l\u2019ONG a port\u00e9 \u00e0 la connaissance du public ce choix difficile qui s\u2019inscrit dans une logique de transparence et de responsabilit\u00e9.<\/p>\n\n\n\n<p>Depuis 2009, Sourire de Reda a men\u00e9 un combat essentiel pour briser les tabous autour du suicide et du mal-\u00eatre des jeunes. En structurant un mod\u00e8le d\u2019\u00e9coute et de pr\u00e9vention aux standards internationaux, en d\u00e9veloppant des formations sp\u00e9cialis\u00e9es et en sensibilisant des milliers de jeunes et d\u2019adultes, l\u2019association a catalys\u00e9 une prise de conscience nationale sur la n\u00e9cessit\u00e9 d\u2019agir.<\/p>\n\n\n\n<p>Dans une d\u00e9marche p\u00e9dagogique et respectueuse, s\u2019appuyant sur la mobilisation de tous et le relais des m\u00e9dias, elle a contribu\u00e9 \u00e0 lib\u00e9rer la parole, mobilis\u00e9 l\u2019ensemble des parties prenantes et fait le lien entre la soci\u00e9t\u00e9 civile et les pouvoirs publics.<\/p>\n\n\n\n<p>En f\u00e9vrier 2024, lors de la Journ\u00e9e nationale d\u00e9di\u00e9e \u00e0 la pr\u00e9vention du suicide des jeunes, Sourire de Reda en appelait \u00e0 une collaboration g\u00e9n\u00e9rale autour d\u2019une s\u00e9rie de pr\u00e9conisations cl\u00e9s, parmi lesquelles la n\u00e9cessit\u00e9 de cr\u00e9ation d\u2019un Observatoire National.<\/p>\n\n\n\n<p>L\u2019ONG a jou\u00e9 un r\u00f4le d\u00e9terminant dans l\u2019\u00e9laboration de la Strat\u00e9gie Nationale de Pr\u00e9vention du Suicide (SNPS), un cadre crucial pour structurer et institutionnaliser la pr\u00e9vention du suicide au Maroc. La mise en \u0153uvre effective de cette strat\u00e9gie devrait constituer une avanc\u00e9e d\u00e9cisive, n\u00e9cessaire pour le bien-\u00eatre des jeunes de ce pays. Elle reste cependant toujours en suspens\u2026<\/p>\n\n\n\n<p>Le constat est clair&nbsp;: des avanc\u00e9es, mais encore trop peu de soutien&nbsp;! Aujourd\u2019hui, l\u2019association Sourire de Reda consid\u00e8re avoir men\u00e9 au plus loin sa mission de lanceur d\u2019alerte et atteint ses limites en termes de moyens mobilisables. Bien que des progr\u00e8s aient \u00e9t\u00e9 r\u00e9alis\u00e9s, d\u00e9montrant qu\u2019une approche professionnelle de la pr\u00e9vention du suicide est possible, les avanc\u00e9es concr\u00e8tes restent insuffisantes de la part des pouvoirs publics.&nbsp; Le manque de soutien structurel et financier ne permet pas de p\u00e9renniser les actions et le bilan positif de 16 ann\u00e9es de mobilisation.<\/p>\n\n\n\n<p>Ce bilan a conduit Sourire de Reda \u00e0 la d\u00e9cision de dissolution qui devrait \u00eatre vot\u00e9e lors de la prochaine Assembl\u00e9e g\u00e9n\u00e9rale extraordinaire de l\u2019association, convoqu\u00e9e pour le 20 f\u00e9vrier prochain \u00e0 17h, en mode distanciel.<\/p>\n\n\n\n<p><strong><em>Un h\u00e9ritage et un passage de relais<\/em><\/strong><\/p>\n\n\n\n<p>Au-del\u00e0 de cette d\u00e9cision difficile pour l\u2019ONG, l\u2019impact de l\u2019action de Sourire de Reda constitue un pr\u00e9cieux capital d\u2019expertise. L\u2019association a, en effet, form\u00e9 de nombreux b\u00e9n\u00e9voles et professionnels. Elle a sauv\u00e9 des milliers de jeunes \u00e0 travers la Helpline Stop Silence et sensibilis\u00e9 des milliers d\u2019autres \u00e0 travers son Comit\u00e9 de Jeunes et ses nombreuses interventions scolaires. Elle a constitu\u00e9 un r\u00e9seau solide d\u2019acteurs engag\u00e9s qui constituent tous des agents du changement. Par leur d\u00e9termination, leur courage et leur pers\u00e9v\u00e9rance, ils permettent de laisser un h\u00e9ritage dont Sourire de Reda est particuli\u00e8rement fi\u00e8re et qui devra perdurer.&nbsp;<\/p>\n\n\n\n<p>L\u2019association d\u00e9clare qu\u2019elle remercie chaleureusement l\u2019ensemble de ceux et celles qui ont soutenu son combat tout au long de ces ann\u00e9es. Courage et r\u00e9silience, mais aussi sourire et optimisme malgr\u00e9 une th\u00e9matique difficile&nbsp;!<\/p>\n\n\n\n<p>Sourire de Reda salue particuli\u00e8rement les membres des Bureaux qui se sont succ\u00e9d\u00e9s \u00e0 la gouvernance de l\u2019ONG, ainsi que les membres fondateurs, les membres de l\u2019Association avec une pens\u00e9e particuli\u00e8re pour les membres d\u2019honneur. Les \u00e9coutants de \u00abStop Silence\u00bb qui ont offert une pr\u00e9sence essentielle aux jeunes en d\u00e9tresse. Les jeunes du Comit\u00e9 des Jeunes, moteur d\u2019innovation et de sensibilisation dans cette lutte. Les \u00e9tablissements scolaires qui ont ouvert leurs portes pour mieux informer et prot\u00e9ger leurs \u00e9l\u00e8ves. Les bailleurs de fonds et partenaires institutionnels, qui ont permis de massifier l\u2019impact des actions. La soci\u00e9t\u00e9 civile au Maroc et les citoyens engag\u00e9s, qui ont fait preuve d\u2019une solidarit\u00e9 sans faille. Les partenaires \u00e0 l\u2019international qui ont soutenu les efforts de l\u2019Association et l\u2019ont accompagn\u00e9e dans la professionnalisation de son approche. Les jeunes qui ont appel\u00e9 \u00abStop Silence\u00bb et ont fait confiance \u00e0 Sourire de Reda dans les moments les plus difficiles de leur vie.<\/p>\n\n\n\n<p>Sourire de Reda se dit fi\u00e8re de cet h\u00e9ritage et en appelle solennellement aux pouvoirs publics et aux acteurs de la soci\u00e9t\u00e9 civile pour qu\u2019ils reprennent le flambeau. L\u2019ONG a contribu\u00e9 \u00e0 fa\u00e7onner, pour la jeunesse marocaine, un environnement plus conscient et bienveillant. L\u2019histoire ne devrait pas s\u2019arr\u00eater&nbsp;!<\/p>\n\n\n\n<p>Source&nbsp;: Sourire de R\u00e9da<\/p>\n","protected":false},"excerpt":{"rendered":"<p>Apr\u00e8s 16 ans de plaidoyer et d\u2019action en faveur de la sant\u00e9 mentale et du bien-\u00eatre des jeunes au Maroc, l\u2019association Sourire de Reda met fin \u00e0 ses activit\u00e9s.&nbsp; C\u2019est \u00e0 l\u2019occasion du 5 f\u00e9vrier, Journ\u00e9e nationale d\u00e9di\u00e9e \u00e0 la pr\u00e9vention du suicide des jeunes, que l\u2019ONG a port\u00e9 \u00e0 la connaissance du public ce &hellip;<\/p>\n","protected":false},"author":9,"featured_media":33164,"comment_status":"open","ping_status":"closed","sticky":false,"template":"","format":"standard","meta":{"footnotes":""},"categories":[40],"tags":[],"class_list":["post-33175","post","type-post","status-publish","format-standard","has-post-thumbnail","hentry","category-social"],"_links":{"self":[{"href":"https:\/\/letempsmag.ma\/index.php?rest_route=\/wp\/v2\/posts\/33175","targetHints":{"allow":["GET"]}}],"collection":[{"href":"https:\/\/letempsmag.ma\/index.php?rest_route=\/wp\/v2\/posts"}],"about":[{"href":"https:\/\/letempsmag.ma\/index.php?rest_route=\/wp\/v2\/types\/post"}],"author":[{"embeddable":true,"href":"https:\/\/letempsmag.ma\/index.php?rest_route=\/wp\/v2\/users\/9"}],"replies":[{"embeddable":true,"href":"https:\/\/letempsmag.ma\/index.php?rest_route=%2Fwp%2Fv2%2Fcomments&post=33175"}],"version-history":[{"count":1,"href":"https:\/\/letempsmag.ma\/index.php?rest_route=\/wp\/v2\/posts\/33175\/revisions"}],"predecessor-version":[{"id":33176,"href":"https:\/\/letempsmag.ma\/index.php?rest_route=\/wp\/v2\/posts\/33175\/revisions\/33176"}],"wp:featuredmedia":[{"embeddable":true,"href":"https:\/\/letempsmag.ma\/index.php?rest_route=\/wp\/v2\/media\/33164"}],"wp:attachment":[{"href":"https:\/\/letempsmag.ma\/index.php?rest_route=%2Fwp%2Fv2%2Fmedia&parent=33175"}],"wp:term":[{"taxonomy":"category","embeddable":true,"href":"https:\/\/letempsmag.ma\/index.php?rest_route=%2Fwp%2Fv2%2Fcategories&post=33175"},{"taxonomy":"post_tag","embeddable":true,"href":"https:\/\/letempsmag.ma\/index.php?rest_route=%2Fwp%2Fv2%2Ftags&post=33175"}],"curies":[{"name":"wp","href":"https:\/\/api.w.org\/{rel}","templated":true}]}}