{"id":33162,"date":"2025-02-06T10:59:39","date_gmt":"2025-02-06T09:59:39","guid":{"rendered":"https:\/\/letempsmag.ma\/?p=33162"},"modified":"2025-02-06T10:59:40","modified_gmt":"2025-02-06T09:59:40","slug":"chakib-zaari-promu-president-regional-au-sein-du-reseau-britannique-baker-tilly","status":"publish","type":"post","link":"https:\/\/letempsmag.ma\/?p=33162","title":{"rendered":"Chakib Zaari promu Pr\u00e9sident r\u00e9gional au sein du r\u00e9seau britannique Baker Tilly"},"content":{"rendered":"\n<p>Baker Tilly, r\u00e9seau britannique de cabinets d&#8217;audit et de conseil dans le top 10 mondial, annonce la nomination de Chakib Zaari, fondateur de Baker Tilly au Maroc, au poste de Pr\u00e9sident R\u00e9gional pour le Moyen-Orient et l&#8217;Afrique. La nomination a pris effet imm\u00e9diatement et le haut dirigeant marocain rejoint \u00e9galement le Conseil International de Baker Tilly Monde.<\/p>\n\n\n\n<p>Baker Tilly International est un r\u00e9seau de comptabilit\u00e9 et de conseil aux entreprises. C\u2019est le 9<sup>\u00e8me<\/sup> plus grand r\u00e9seau du genre dans le monde en termes de chiffre d&#8217;affaires. Il emploie 41.000 salari\u00e9s dans 700 bureaux r\u00e9partis sur 145 territoires avec des revenus combin\u00e9s estim\u00e9s \u00e0 4,7 milliards de dollars.<\/p>\n\n\n\n<p>Dans son nouveau r\u00f4le, Chakib Zaari travaillera en \u00e9troite collaboration avec Gagik Gyulbudaghyan, Directeur R\u00e9gional pour Baker Tilly afin de stimuler la croissance des affaires internationales et d\u00e9velopper les services et les capacit\u00e9s du r\u00e9seau dans toute la r\u00e9gion.<\/p>\n\n\n\n<p>Depuis sa cr\u00e9ation de Baker Tilly au Maroc, Chakib Zaari a jou\u00e9 un r\u00f4le-cl\u00e9 dans la croissance rapide et l\u2019int\u00e9gration de la soci\u00e9t\u00e9 dans le r\u00e9seau Baker Tilly. Sous sa direction, l\u2019entreprise a \u00e9largi son champ d\u2019action, combinant un \u00e9ventail diversifi\u00e9 de pratiques, incluant la banque d&#8217;investissement, la responsabilit\u00e9 soci\u00e9tale des entreprises et la transformation num\u00e9rique.<\/p>\n\n\n\n<p>Dipl\u00f4m\u00e9 de l&#8217;ESC Rouen (France), expert-comptable d&#8217;\u00c9tat fran\u00e7ais et titulaire d&#8217;un MBA de l&#8217;Universit\u00e9 d&#8217;Ottawa (Canada), Chakib Zaari est reconnu pour son engagement et ses capacit\u00e9s \u00e0 offrir des services rigoureux et de haute qualit\u00e9, ainsi que pour son r\u00f4le dans le renforcement des partenariats solides avec les cabinets membres dans les march\u00e9s de son p\u00e9rim\u00e8tre de travail.<\/p>\n\n\n\n<p>La Pr\u00e9sidente de Baker Tilly International, Francesca Lagerberg, d\u00e9clare&nbsp;: \u00abJe suis ravie d\u2019annoncer que Chakib Zaari, fondateur de Baker Tilly au Maroc, a \u00e9t\u00e9 nomm\u00e9 Pr\u00e9sident r\u00e9gional pour le Moyen-Orient et l&#8217;Afrique. Chakib jouera un r\u00f4le-cl\u00e9 pour piloter la croissance des affaires internationales dans la r\u00e9gion et renforcer le r\u00e9seau \u00e0 travers ses services et ses capacit\u00e9s\u00bb.<\/p>\n\n\n\n<p>Chakib Zaari, pour sa part, exprime sa fiert\u00e9 et son enthousiasme pour cette nouvelle mission&nbsp;: \u00abC\u2019est un honneur de prendre ce r\u00f4le de Pr\u00e9sident R\u00e9gional \u00e0 un moment aussi important pour notre r\u00e9gion et pour le r\u00e9seau Baker Tilly. Je suis ravi \u00e0 l&#8217;id\u00e9e de collaborer avec mes coll\u00e8gues \u00e0 l&#8217;\u00e9chelle mondiale, afin de favoriser la croissance de nos clients et de soutenir le d\u00e9veloppement de nos \u00e9quipes dans la r\u00e9gion\u00bb.<\/p>\n","protected":false},"excerpt":{"rendered":"<p>Baker Tilly, r\u00e9seau britannique de cabinets d&#8217;audit et de conseil dans le top 10 mondial, annonce la nomination de Chakib Zaari, fondateur de Baker Tilly au Maroc, au poste de Pr\u00e9sident R\u00e9gional pour le Moyen-Orient et l&#8217;Afrique. La nomination a pris effet imm\u00e9diatement et le haut dirigeant marocain rejoint \u00e9galement le Conseil International de Baker &hellip;<\/p>\n","protected":false},"author":9,"featured_media":33161,"comment_status":"open","ping_status":"closed","sticky":false,"template":"","format":"standard","meta":{"footnotes":""},"categories":[449],"tags":[],"class_list":["post-33162","post","type-post","status-publish","format-standard","has-post-thumbnail","hentry","category-conseil"],"_links":{"self":[{"href":"https:\/\/letempsmag.ma\/index.php?rest_route=\/wp\/v2\/posts\/33162","targetHints":{"allow":["GET"]}}],"collection":[{"href":"https:\/\/letempsmag.ma\/index.php?rest_route=\/wp\/v2\/posts"}],"about":[{"href":"https:\/\/letempsmag.ma\/index.php?rest_route=\/wp\/v2\/types\/post"}],"author":[{"embeddable":true,"href":"https:\/\/letempsmag.ma\/index.php?rest_route=\/wp\/v2\/users\/9"}],"replies":[{"embeddable":true,"href":"https:\/\/letempsmag.ma\/index.php?rest_route=%2Fwp%2Fv2%2Fcomments&post=33162"}],"version-history":[{"count":1,"href":"https:\/\/letempsmag.ma\/index.php?rest_route=\/wp\/v2\/posts\/33162\/revisions"}],"predecessor-version":[{"id":33168,"href":"https:\/\/letempsmag.ma\/index.php?rest_route=\/wp\/v2\/posts\/33162\/revisions\/33168"}],"wp:featuredmedia":[{"embeddable":true,"href":"https:\/\/letempsmag.ma\/index.php?rest_route=\/wp\/v2\/media\/33161"}],"wp:attachment":[{"href":"https:\/\/letempsmag.ma\/index.php?rest_route=%2Fwp%2Fv2%2Fmedia&parent=33162"}],"wp:term":[{"taxonomy":"category","embeddable":true,"href":"https:\/\/letempsmag.ma\/index.php?rest_route=%2Fwp%2Fv2%2Fcategories&post=33162"},{"taxonomy":"post_tag","embeddable":true,"href":"https:\/\/letempsmag.ma\/index.php?rest_route=%2Fwp%2Fv2%2Ftags&post=33162"}],"curies":[{"name":"wp","href":"https:\/\/api.w.org\/{rel}","templated":true}]}}