{"id":33117,"date":"2025-02-03T11:12:37","date_gmt":"2025-02-03T10:12:37","guid":{"rendered":"https:\/\/letempsmag.ma\/?p=33117"},"modified":"2025-02-03T11:12:38","modified_gmt":"2025-02-03T10:12:38","slug":"fouzi-lekjaa-recoit-a-doha-le-prix-dappreciation-2024","status":"publish","type":"post","link":"https:\/\/letempsmag.ma\/?p=33117","title":{"rendered":"Fouzi Lekja\u00e2 re\u00e7oit \u00e0 Doha le Prix d\u2019Appr\u00e9ciation 2024"},"content":{"rendered":"\n<p>L\u2019Association Arabe de la Culture Sportive a d\u00e9cern\u00e9, hier dimanche \u00e0 Doha (Qatar), le Prix d\u2019Appr\u00e9ciation pour l\u2019ann\u00e9e 2024 \u00e0 Fouzi Lekja\u00e2, Pr\u00e9sident de la F\u00e9d\u00e9ration Royale Marocaine de Football (FRMF). L\u2019int\u00e9ress\u00e9 a re\u00e7u cette distinction lors d\u2019une c\u00e9r\u00e9monie organis\u00e9e en marge du 5<sup>\u00e8me<\/sup> Congr\u00e8s annuel de la Culture Sportive Arabe tenu sous le th\u00e8me \u00abConstruire le champion olympique\u00bb.<\/p>\n\n\n\n<p>Le Prix a \u00e9t\u00e9 d\u00e9cern\u00e9 \u00e0 Fouzi Lekja\u00e2 en reconnaissance des efforts qu\u2019il d\u00e9ploie, sous la conduite \u00e9clair\u00e9e de S.M. le Roi Mohammed VI, pour d\u00e9velopper le football national, tant au niveau de la formation que des infrastructures. Ces efforts ont permis de r\u00e9aliser des r\u00e9sultats remarquables, notamment la 4<sup>\u00e8me<\/sup> place d\u00e9croch\u00e9e par le Maroc au Mondial 2022 au Qatar.<\/p>\n\n\n\n<p>Ce Prix t\u00e9moigne aussi du r\u00f4le important du Pr\u00e9sident de la FRMF au sein des instances continentales et internationales en faveur du d\u00e9veloppement du football arabe et africain.<\/p>\n","protected":false},"excerpt":{"rendered":"<p>L\u2019Association Arabe de la Culture Sportive a d\u00e9cern\u00e9, hier dimanche \u00e0 Doha (Qatar), le Prix d\u2019Appr\u00e9ciation pour l\u2019ann\u00e9e 2024 \u00e0 Fouzi Lekja\u00e2, Pr\u00e9sident de la F\u00e9d\u00e9ration Royale Marocaine de Football (FRMF). L\u2019int\u00e9ress\u00e9 a re\u00e7u cette distinction lors d\u2019une c\u00e9r\u00e9monie organis\u00e9e en marge du 5\u00e8me Congr\u00e8s annuel de la Culture Sportive Arabe tenu sous le th\u00e8me &hellip;<\/p>\n","protected":false},"author":9,"featured_media":33106,"comment_status":"open","ping_status":"closed","sticky":false,"template":"","format":"standard","meta":{"footnotes":""},"categories":[50],"tags":[],"class_list":["post-33117","post","type-post","status-publish","format-standard","has-post-thumbnail","hentry","category-football"],"_links":{"self":[{"href":"https:\/\/letempsmag.ma\/index.php?rest_route=\/wp\/v2\/posts\/33117","targetHints":{"allow":["GET"]}}],"collection":[{"href":"https:\/\/letempsmag.ma\/index.php?rest_route=\/wp\/v2\/posts"}],"about":[{"href":"https:\/\/letempsmag.ma\/index.php?rest_route=\/wp\/v2\/types\/post"}],"author":[{"embeddable":true,"href":"https:\/\/letempsmag.ma\/index.php?rest_route=\/wp\/v2\/users\/9"}],"replies":[{"embeddable":true,"href":"https:\/\/letempsmag.ma\/index.php?rest_route=%2Fwp%2Fv2%2Fcomments&post=33117"}],"version-history":[{"count":1,"href":"https:\/\/letempsmag.ma\/index.php?rest_route=\/wp\/v2\/posts\/33117\/revisions"}],"predecessor-version":[{"id":33118,"href":"https:\/\/letempsmag.ma\/index.php?rest_route=\/wp\/v2\/posts\/33117\/revisions\/33118"}],"wp:featuredmedia":[{"embeddable":true,"href":"https:\/\/letempsmag.ma\/index.php?rest_route=\/wp\/v2\/media\/33106"}],"wp:attachment":[{"href":"https:\/\/letempsmag.ma\/index.php?rest_route=%2Fwp%2Fv2%2Fmedia&parent=33117"}],"wp:term":[{"taxonomy":"category","embeddable":true,"href":"https:\/\/letempsmag.ma\/index.php?rest_route=%2Fwp%2Fv2%2Fcategories&post=33117"},{"taxonomy":"post_tag","embeddable":true,"href":"https:\/\/letempsmag.ma\/index.php?rest_route=%2Fwp%2Fv2%2Ftags&post=33117"}],"curies":[{"name":"wp","href":"https:\/\/api.w.org\/{rel}","templated":true}]}}