{"id":33113,"date":"2025-02-03T11:11:04","date_gmt":"2025-02-03T10:11:04","guid":{"rendered":"https:\/\/letempsmag.ma\/?p=33113"},"modified":"2025-02-03T11:11:04","modified_gmt":"2025-02-03T10:11:04","slug":"les-projets-pleuvent-a-la-lagune-de-marchica","status":"publish","type":"post","link":"https:\/\/letempsmag.ma\/?p=33113","title":{"rendered":"Les projets pleuvent \u00e0 la Lagune de Marchica"},"content":{"rendered":"\n<p>Marchica Med S.A. a organis\u00e9, vendredi dernier \u00e0 Casablanca, une rencontre pour promouvoir les opportunit\u00e9s d&#8217;investissements offertes par la Lagune de Marchica, un site embl\u00e9matique du d\u00e9veloppement \u00e9conomique et touristique de la r\u00e9gion de l\u2019Oriental. Plac\u00e9 sous le th\u00e8me \u00abSynergie d\u2019investissement pour un d\u00e9veloppement durable\u00bb, cet \u00e9v\u00e9nement s\u2019inscrit dans le cadre de la vision de S.M. le Roi Mohammed VI visant \u00e0 faire de la lagune un mod\u00e8le de d\u00e9veloppement durable et un moteur d\u2019attractivit\u00e9 pour les investisseurs nationaux et internationaux.<\/p>\n\n\n\n<p>L\u2019\u00e9v\u00e9nement a f\u00e9d\u00e9r\u00e9 des acteurs du secteur priv\u00e9, des d\u00e9cideurs \u00e9conomiques et des institutions publiques, autour des perspectives de croissance qu\u2019offre la lagune de Marchica. L\u2019objectif&nbsp;: d\u00e9voiler les contours des appels \u00e0 projets ouverts visant \u00e0 attirer les investisseurs et mettre en lumi\u00e8re le potentiel \u00e9conomique exceptionnel de la r\u00e9gion de Nador.<\/p>\n\n\n\n<p>Des experts de haut niveau ont pris la parole pour discuter des atouts strat\u00e9giques du site. Parmi les intervenants, Loubna Boutaleb (photo), Directrice G\u00e9n\u00e9rale de Marchica Med, Imad Barrakad, Pr\u00e9sident du Directoire de la Soci\u00e9t\u00e9 Marocaine d\u2019Ing\u00e9nierie Touristique (filiale du minist\u00e8re du Tourisme), ainsi que des repr\u00e9sentants du D\u00e9partement minist\u00e9riel de l&#8217;Investissement et du P\u00f4le Commercial du Cr\u00e9dit Agricole du Maroc.<\/p>\n\n\n\n<p>Marchica Med S.A. a annonc\u00e9 le lancement de sept nouveaux appels \u00e0 projets ouverts pour renforcer l\u2019attractivit\u00e9 du site et stimuler l\u2019investissement. Ces projets couvrent divers secteurs, du r\u00e9sidentiel au touristique, en passant par l\u2019\u00e9ducation et la sant\u00e9. Parmi les initiatives majeures&nbsp;:<\/p>\n\n\n\n<p>&#8211; Les R\u00e9sidences du Port&nbsp;: un projet r\u00e9sidentiel premium de 28.165 m2 en bord de lagune.<\/p>\n\n\n\n<p>&#8211; La Cit\u00e9 des Riads&nbsp;: un programme inspir\u00e9 des m\u00e9dinas marocaines, sur 34.483 m2.<\/p>\n\n\n\n<p>&#8211; L\u2019\u00c9tablissement Scolaire&nbsp;: un projet \u00e9ducatif moderne sur 15.591 m2, r\u00e9pondant aux besoins des familles et de la communaut\u00e9.<\/p>\n\n\n\n<p>&#8211; Clinique de Bien-\u00catre&nbsp;: un centre de sant\u00e9 et de relaxation sur 6.605 m2.<\/p>\n\n\n\n<p>&#8211; Les Villas de la Baie (tranche II)&nbsp;: un projet r\u00e9sidentiel sur 54.476 m2 au c\u0153ur d\u2019un cadre naturel.<\/p>\n\n\n\n<p>&#8211; L&#8217;H\u00f4tel du Golf&nbsp;: un complexe h\u00f4telier premium sur 27.634 m2, d\u00e9di\u00e9 aux amateurs de golf.<\/p>\n\n\n\n<p>&#8211; La Zone de Loisirs et Commerciale de la Marina d\u2019Atalayoun&nbsp;: un espace sur 8.235 m2 combinant commerces et loisirs.<\/p>\n\n\n\n<p>Marchica Med S.A. met un accent particulier sur un d\u00e9veloppement responsable, durable et inclusif. Ces projets sont con\u00e7us pour concilier croissance \u00e9conomique, pr\u00e9servation de l\u2019environnement et valorisation du patrimoine naturel et culturel de la r\u00e9gion. L&#8217;entit\u00e9 en charge du projet ambitionne de faire de la lagune de Marchica un mod\u00e8le d&#8217;excellence en mati\u00e8re d&#8217;am\u00e9nagement du territoire et de d\u00e9veloppement durable.<\/p>\n\n\n\n<p>L\u2019ensemble des appels \u00e0 projets est accessible via la plateforme officielle de Marchica Med o\u00f9 les investisseurs peuvent consulter les d\u00e9tails et soumettre leurs propositions&nbsp;: \u00abwww.marchicainvest.com\/apo\u00bb.<\/p>\n\n\n\n<p><strong>L. F.<\/strong><\/p>\n","protected":false},"excerpt":{"rendered":"<p>Marchica Med S.A. a organis\u00e9, vendredi dernier \u00e0 Casablanca, une rencontre pour promouvoir les opportunit\u00e9s d&#8217;investissements offertes par la Lagune de Marchica, un site embl\u00e9matique du d\u00e9veloppement \u00e9conomique et touristique de la r\u00e9gion de l\u2019Oriental. Plac\u00e9 sous le th\u00e8me \u00abSynergie d\u2019investissement pour un d\u00e9veloppement durable\u00bb, cet \u00e9v\u00e9nement s\u2019inscrit dans le cadre de la vision de &hellip;<\/p>\n","protected":false},"author":9,"featured_media":33101,"comment_status":"open","ping_status":"closed","sticky":false,"template":"","format":"standard","meta":{"footnotes":""},"categories":[213],"tags":[],"class_list":["post-33113","post","type-post","status-publish","format-standard","has-post-thumbnail","hentry","category-amenagement-2"],"_links":{"self":[{"href":"https:\/\/letempsmag.ma\/index.php?rest_route=\/wp\/v2\/posts\/33113","targetHints":{"allow":["GET"]}}],"collection":[{"href":"https:\/\/letempsmag.ma\/index.php?rest_route=\/wp\/v2\/posts"}],"about":[{"href":"https:\/\/letempsmag.ma\/index.php?rest_route=\/wp\/v2\/types\/post"}],"author":[{"embeddable":true,"href":"https:\/\/letempsmag.ma\/index.php?rest_route=\/wp\/v2\/users\/9"}],"replies":[{"embeddable":true,"href":"https:\/\/letempsmag.ma\/index.php?rest_route=%2Fwp%2Fv2%2Fcomments&post=33113"}],"version-history":[{"count":1,"href":"https:\/\/letempsmag.ma\/index.php?rest_route=\/wp\/v2\/posts\/33113\/revisions"}],"predecessor-version":[{"id":33114,"href":"https:\/\/letempsmag.ma\/index.php?rest_route=\/wp\/v2\/posts\/33113\/revisions\/33114"}],"wp:featuredmedia":[{"embeddable":true,"href":"https:\/\/letempsmag.ma\/index.php?rest_route=\/wp\/v2\/media\/33101"}],"wp:attachment":[{"href":"https:\/\/letempsmag.ma\/index.php?rest_route=%2Fwp%2Fv2%2Fmedia&parent=33113"}],"wp:term":[{"taxonomy":"category","embeddable":true,"href":"https:\/\/letempsmag.ma\/index.php?rest_route=%2Fwp%2Fv2%2Fcategories&post=33113"},{"taxonomy":"post_tag","embeddable":true,"href":"https:\/\/letempsmag.ma\/index.php?rest_route=%2Fwp%2Fv2%2Ftags&post=33113"}],"curies":[{"name":"wp","href":"https:\/\/api.w.org\/{rel}","templated":true}]}}