{"id":33093,"date":"2025-01-31T14:38:48","date_gmt":"2025-01-31T13:38:48","guid":{"rendered":"https:\/\/letempsmag.ma\/?p=33093"},"modified":"2025-01-31T14:38:48","modified_gmt":"2025-01-31T13:38:48","slug":"deux-adolescentes-marocaines-portees-disparues-a-londres","status":"publish","type":"post","link":"https:\/\/letempsmag.ma\/?p=33093","title":{"rendered":"Deux adolescentes marocaines port\u00e9es disparues \u00e0 Londres"},"content":{"rendered":"\n<p>La Police londonienne a fait appel \u00e0 l\u2019aide du public pour retrouver deux adolescentes marocaines port\u00e9es disparues. Douae (14 ans) et Houda (15 ans) ont \u00e9t\u00e9 vues pour la derni\u00e8re fois en train de quitter l\u2019auberge o\u00f9 elles s\u00e9journaient, le mardi 28 janvier dernier vers 20h30.<\/p>\n\n\n\n<p>Les deux filles \u00e9taient arriv\u00e9es \u00e0 Londres, le samedi 25 janvier dernier, pour un s\u00e9jour d\u2019une semaine dans le cadre d\u2019un programme d\u2019\u00e9change d\u2019\u00e9tudiants g\u00e9r\u00e9 par une soci\u00e9t\u00e9 ind\u00e9pendante. Elles avaient pr\u00e9vu de rentrer au Maroc demain samedi 1<sup>er<\/sup> f\u00e9vrier. Le programme auquel participent les deux filles n\u2019est pas rattach\u00e9 \u00e0 une \u00e9cole sp\u00e9cifique et est g\u00e9r\u00e9 par une soci\u00e9t\u00e9 priv\u00e9e.<\/p>\n\n\n\n<p>L\u2019inspecteur de Police en chef, Sarb Kaur, de l\u2019unit\u00e9 de Commandement du centre-nord de Londres, a d\u00e9clar\u00e9 \u00e0 la presse&nbsp;: \u00abNous lan\u00e7ons un appel \u00e0 toute information sur le lieu o\u00f9 se trouvent Douae et Houda. Elles ont voyag\u00e9 depuis le Maroc et se trouvent dans une ville et un pays qu\u2019elles ne connaissent pas, donc plus elles restent port\u00e9es disparues, plus nous nous inqui\u00e9tons pour leur bien-\u00eatre. Une \u00e9quipe de d\u00e9tectives travaille sans rel\u00e2che pour les localiser et nous sommes en liaison avec l\u2019ambassade du Maroc et la soci\u00e9t\u00e9 qui a organis\u00e9 la visite pour nous assurer que leurs familles au Maroc soient tenues inform\u00e9es de tout d\u00e9veloppement\u00bb.<\/p>\n","protected":false},"excerpt":{"rendered":"<p>La Police londonienne a fait appel \u00e0 l\u2019aide du public pour retrouver deux adolescentes marocaines port\u00e9es disparues. Douae (14 ans) et Houda (15 ans) ont \u00e9t\u00e9 vues pour la derni\u00e8re fois en train de quitter l\u2019auberge o\u00f9 elles s\u00e9journaient, le mardi 28 janvier dernier vers 20h30. Les deux filles \u00e9taient arriv\u00e9es \u00e0 Londres, le samedi &hellip;<\/p>\n","protected":false},"author":9,"featured_media":33070,"comment_status":"open","ping_status":"closed","sticky":false,"template":"","format":"standard","meta":{"footnotes":""},"categories":[300],"tags":[],"class_list":["post-33093","post","type-post","status-publish","format-standard","has-post-thumbnail","hentry","category-societe-2"],"_links":{"self":[{"href":"https:\/\/letempsmag.ma\/index.php?rest_route=\/wp\/v2\/posts\/33093","targetHints":{"allow":["GET"]}}],"collection":[{"href":"https:\/\/letempsmag.ma\/index.php?rest_route=\/wp\/v2\/posts"}],"about":[{"href":"https:\/\/letempsmag.ma\/index.php?rest_route=\/wp\/v2\/types\/post"}],"author":[{"embeddable":true,"href":"https:\/\/letempsmag.ma\/index.php?rest_route=\/wp\/v2\/users\/9"}],"replies":[{"embeddable":true,"href":"https:\/\/letempsmag.ma\/index.php?rest_route=%2Fwp%2Fv2%2Fcomments&post=33093"}],"version-history":[{"count":1,"href":"https:\/\/letempsmag.ma\/index.php?rest_route=\/wp\/v2\/posts\/33093\/revisions"}],"predecessor-version":[{"id":33094,"href":"https:\/\/letempsmag.ma\/index.php?rest_route=\/wp\/v2\/posts\/33093\/revisions\/33094"}],"wp:featuredmedia":[{"embeddable":true,"href":"https:\/\/letempsmag.ma\/index.php?rest_route=\/wp\/v2\/media\/33070"}],"wp:attachment":[{"href":"https:\/\/letempsmag.ma\/index.php?rest_route=%2Fwp%2Fv2%2Fmedia&parent=33093"}],"wp:term":[{"taxonomy":"category","embeddable":true,"href":"https:\/\/letempsmag.ma\/index.php?rest_route=%2Fwp%2Fv2%2Fcategories&post=33093"},{"taxonomy":"post_tag","embeddable":true,"href":"https:\/\/letempsmag.ma\/index.php?rest_route=%2Fwp%2Fv2%2Ftags&post=33093"}],"curies":[{"name":"wp","href":"https:\/\/api.w.org\/{rel}","templated":true}]}}